{"id":44178,"date":"2025-04-01T10:44:49","date_gmt":"2025-04-01T10:44:49","guid":{"rendered":"https:\/\/247stiri.ro\/index.php\/2025\/04\/01\/doliu-in-lumea-muzicala-un-cantaret-celebru-s-a-stins-din-viata-la-varsta-de-58-de-ani-in-timp-ce-se-afla-pe-scena\/"},"modified":"2025-04-01T10:44:49","modified_gmt":"2025-04-01T10:44:49","slug":"doliu-in-lumea-muzicala-un-cantaret-celebru-s-a-stins-din-viata-la-varsta-de-58-de-ani-in-timp-ce-se-afla-pe-scena","status":"publish","type":"post","link":"https:\/\/247stiri.ro\/index.php\/2025\/04\/01\/doliu-in-lumea-muzicala-un-cantaret-celebru-s-a-stins-din-viata-la-varsta-de-58-de-ani-in-timp-ce-se-afla-pe-scena\/","title":{"rendered":"Doliu \u00een lumea muzical\u0103! Un c\u00e2nt\u0103re\u021b celebru s-a stins din via\u021b\u0103 la v\u00e2rsta de 58 de ani \u00een timp ce se afla pe scen\u0103"},"content":{"rendered":"<p>Tragedie pe scen\u0103! Un c\u00e2nt\u0103re\u021b turc a murit \u00een timpul concertului<\/p>\n<p><a href=\"https:\/\/www.realitatea.net\/stiri\/extern\/doliu-in-lumea-influencerilor-beatriz-mama-a-doi-copii-a-fost-omorata-la-doar-24-de-ani_67ea8fe17b8b343a1120dcd3\" target=\"_blank\">Incidentul s-a petrecut<\/a> \u00een noaptea de duminic\u0103 spre luni, c\u00e2nd Konak s-a pr\u0103bu\u0219it pe scen\u0103, \u00een mijlocul unui spectacol care promitea s\u0103 fie memorabil. Imediat, echipele medicale aflate la fa\u021ba locului au intervenit rapid pentru a-i acorda primul ajutor, iar artistul a fost transportat de urgen\u021b\u0103 la spital. \u00cen ciuda eforturilor depuse de medici, Volkan Konak a fost declarat decedat \u00een jurul orei 00:42, dup\u0103 aproximativ 65 de minute de resuscitare.<\/p>\n<p>Moartea artistului a \u0219ocat \u00eentreaga comunitate, iar vestea a fost primit\u0103 cu mult\u0103 durere, inclusiv de c\u0103tre oficialit\u0103\u021bile din Turcia. Primarul Ankarei, Mansur Yava\u0219, a transmis un mesaj emo\u021bionant, evoc\u00e2nd impactul pe care l-a avut Konak asupra culturii turce\u0219ti. \u00cen postarea sa de pe re\u021belele sociale, Yava\u0219 l-a numit pe Volkan Konak \u201efiul nordului\u201d, subliniind importan\u021ba \u0219i profunzimea muzicii sale.<\/p>\n\n<p>\u00a0 \u00a0 \u00a0 \u00a0 \u00a0 \u00a0 \u00a0 \u00a0 \u00a0 \u00a0 \u00a0 \u00a0 \u00a0 \u00a0 \u00a0 \u00a0 \u00a0 \u00a0 \u00a0 \u00a0Artistul a murit la 58 de ani pe scen\u0103 \/ Sursa foto &#8211; Presa str\u0103in\u0103<\/p>\n<p>Cine a fost Volkan Konak<\/p>\n<p>Volkan Konak, n\u0103scut \u00eentr-un sat mic de la malul M\u0103rii Negre, \u0219i-a construit o carier\u0103 muzical\u0103 impresionant\u0103, fiind cunoscut pentru vocea sa profund\u0103 \u0219i pentru melodiile care celebrau tradi\u021biile regiunii sale. \u00cen afacerea muzical\u0103 turceasc\u0103, Konak nu era doar un c\u00e2nt\u0103re\u021b, ci \u0219i un poet al cuvintelor, un simbol al poporului s\u0103u \u0219i al sensibilit\u0103\u021bii culturale.<\/p>\n<p>Vestea mor\u021bii sale a st\u00e2rnit o avalan\u0219\u0103 de reac\u021bii pe re\u021belele sociale, mii de oameni exprim\u00e2ndu-\u0219i triste\u021bea \u0219i aprecierea pentru mo\u0219tenirea sa muzical\u0103. Fanii \u0219i cei care l-au cunoscut \u00ee\u0219i amintesc cu recuno\u0219tin\u021b\u0103 de talentul s\u0103u extraordinar \u0219i de impactul pe care l-a avut \u00een via\u021ba lor prin muzica sa.<\/p>\n<p>Volkan Konak a fost mult mai mult dec\u00e2t un artist \u2013 el a fost o voce a regiunii sale natale \u0219i un ambasador al tradi\u021biilor turce\u0219ti, iar <a href=\"https:\/\/www.realitatea.net\/stiri\/actual\/doliu-imens-pentru-cinematografia-mondiala-richard-chamberlain-unul-dintre-cei-mai-iubiti-actori-din-lume-a-trecut-in-nefiinta_67e960e575210159b01d14a9\" target=\"_blank\">dispari\u021bia sa las\u0103 un gol imens<\/a> pe scena muzical\u0103.\u00a0<\/p>","protected":false},"excerpt":{"rendered":"<p>Tragedie pe scen\u0103! Un c\u00e2nt\u0103re\u021b turc a murit \u00een timpul concertului Incidentul s-a petrecut \u00een&hellip;<\/p>\n","protected":false},"author":0,"featured_media":44179,"comment_status":"open","ping_status":"open","sticky":false,"template":"","format":"standard","meta":{"footnotes":""},"categories":[4],"tags":[],"class_list":["post-44178","post","type-post","status-publish","format-standard","has-post-thumbnail","hentry","category-extern"],"_links":{"self":[{"href":"https:\/\/247stiri.ro\/index.php\/wp-json\/wp\/v2\/posts\/44178","targetHints":{"allow":["GET"]}}],"collection":[{"href":"https:\/\/247stiri.ro\/index.php\/wp-json\/wp\/v2\/posts"}],"about":[{"href":"https:\/\/247stiri.ro\/index.php\/wp-json\/wp\/v2\/types\/post"}],"replies":[{"embeddable":true,"href":"https:\/\/247stiri.ro\/index.php\/wp-json\/wp\/v2\/comments?post=44178"}],"version-history":[{"count":0,"href":"https:\/\/247stiri.ro\/index.php\/wp-json\/wp\/v2\/posts\/44178\/revisions"}],"wp:featuredmedia":[{"embeddable":true,"href":"https:\/\/247stiri.ro\/index.php\/wp-json\/wp\/v2\/media\/44179"}],"wp:attachment":[{"href":"https:\/\/247stiri.ro\/index.php\/wp-json\/wp\/v2\/media?parent=44178"}],"wp:term":[{"taxonomy":"category","embeddable":true,"href":"https:\/\/247stiri.ro\/index.php\/wp-json\/wp\/v2\/categories?post=44178"},{"taxonomy":"post_tag","embeddable":true,"href":"https:\/\/247stiri.ro\/index.php\/wp-json\/wp\/v2\/tags?post=44178"}],"curies":[{"name":"wp","href":"https:\/\/api.w.org\/{rel}","templated":true}]}}