{"id":44191,"date":"2025-04-01T11:45:44","date_gmt":"2025-04-01T11:45:44","guid":{"rendered":"https:\/\/247stiri.ro\/index.php\/2025\/04\/01\/procurorul-general-francez-explicatii-dupa-a-scos-o-din-cursa-pe-marine-le-pen-pe-model-calin-georgescu-decizia-nu-este-una-politica\/"},"modified":"2025-04-01T11:45:44","modified_gmt":"2025-04-01T11:45:44","slug":"procurorul-general-francez-explicatii-dupa-a-scos-o-din-cursa-pe-marine-le-pen-pe-model-calin-georgescu-decizia-nu-este-una-politica","status":"publish","type":"post","link":"https:\/\/247stiri.ro\/index.php\/2025\/04\/01\/procurorul-general-francez-explicatii-dupa-a-scos-o-din-cursa-pe-marine-le-pen-pe-model-calin-georgescu-decizia-nu-este-una-politica\/","title":{"rendered":"Procurorul general francez, explica\u021bii dup\u0103 a scos-o din curs\u0103 pe Marine Le Pen, pe model C\u0103lin Georgescu: &#8222;Decizia nu este una politic\u0103&#8221;"},"content":{"rendered":"<p>Aceast\u0103 decizie a tribunalului din Paris &#8222;a fost luat\u0103 conform legii, prin aplicarea textelor votate prin reprezentare na\u0163ional\u0103&#8221;, a mai afirmat procurorul general de pe l\u00e2ng\u0103 Curtea de Casa\u0163ie, Remy Heitz, conform Agerpres.<\/p>\n<p>Aceasta a calificat drept &#8222;inadmisibile atacurile foarte personalizate \u00eempotriva magistra\u0163ilor \u015fi amenin\u0163\u0103rile care pot face obiectul unor urm\u0103riri penale&#8221;.<\/p>\n<p>Termenii utiliza\u0163i de Marine Le Pen cu o zi \u00een urm\u0103 la postul de televiziune TF1 sunt &#8222;complet excesivi&#8221;. &#8222;Decizia a fost luat\u0103 \u00een urma unui proces care are toate datele unui proces echitabil, ca urmare a unei dezbateri contradictorii ce dureaz\u0103 de dou\u0103 luni \u015fi a unei anchete care a durat ani&#8221;, a reac\u0163ionat magistratul.<\/p>\n<p>&#8222;Statul de drept a fost total \u00eenc\u0103lcat&#8221; printr-o &#8222;decizie politic\u0103&#8221;, declarase Marine Le Pen luni seara la TF1.<\/p>\n<p>\u00a0<\/p>","protected":false},"excerpt":{"rendered":"<p>Aceast\u0103 decizie a tribunalului din Paris &#8222;a fost luat\u0103 conform legii, prin aplicarea textelor votate&hellip;<\/p>\n","protected":false},"author":0,"featured_media":44192,"comment_status":"open","ping_status":"open","sticky":false,"template":"","format":"standard","meta":{"footnotes":""},"categories":[4],"tags":[],"class_list":["post-44191","post","type-post","status-publish","format-standard","has-post-thumbnail","hentry","category-extern"],"_links":{"self":[{"href":"https:\/\/247stiri.ro\/index.php\/wp-json\/wp\/v2\/posts\/44191","targetHints":{"allow":["GET"]}}],"collection":[{"href":"https:\/\/247stiri.ro\/index.php\/wp-json\/wp\/v2\/posts"}],"about":[{"href":"https:\/\/247stiri.ro\/index.php\/wp-json\/wp\/v2\/types\/post"}],"replies":[{"embeddable":true,"href":"https:\/\/247stiri.ro\/index.php\/wp-json\/wp\/v2\/comments?post=44191"}],"version-history":[{"count":0,"href":"https:\/\/247stiri.ro\/index.php\/wp-json\/wp\/v2\/posts\/44191\/revisions"}],"wp:featuredmedia":[{"embeddable":true,"href":"https:\/\/247stiri.ro\/index.php\/wp-json\/wp\/v2\/media\/44192"}],"wp:attachment":[{"href":"https:\/\/247stiri.ro\/index.php\/wp-json\/wp\/v2\/media?parent=44191"}],"wp:term":[{"taxonomy":"category","embeddable":true,"href":"https:\/\/247stiri.ro\/index.php\/wp-json\/wp\/v2\/categories?post=44191"},{"taxonomy":"post_tag","embeddable":true,"href":"https:\/\/247stiri.ro\/index.php\/wp-json\/wp\/v2\/tags?post=44191"}],"curies":[{"name":"wp","href":"https:\/\/api.w.org\/{rel}","templated":true}]}}