{"id":44195,"date":"2025-04-01T11:45:46","date_gmt":"2025-04-01T11:45:46","guid":{"rendered":"https:\/\/247stiri.ro\/index.php\/2025\/04\/01\/surse-banescu-cna-nu-participa-la-audieri-dupa-cenzura-sedinta-din-parlament-s-a-amanat\/"},"modified":"2025-04-01T11:45:46","modified_gmt":"2025-04-01T11:45:46","slug":"surse-banescu-cna-nu-participa-la-audieri-dupa-cenzura-sedinta-din-parlament-s-a-amanat","status":"publish","type":"post","link":"https:\/\/247stiri.ro\/index.php\/2025\/04\/01\/surse-banescu-cna-nu-participa-la-audieri-dupa-cenzura-sedinta-din-parlament-s-a-amanat\/","title":{"rendered":"SURSE: B\u0103nescu (CNA) nu particip\u0103 la audieri, dup\u0103 cenzur\u0103. \u0218edin\u021ba din Parlament s-a am\u00e2nat"},"content":{"rendered":"<p>Surse din Parlament, citate de Realitatea PLUS, au spus c\u0103 Vasile B\u0103nescu nu merge la \u0219edin\u021b\u0103 pentru c\u0103 ordinea de zi din Parlament este foarte \u00eenc\u0103rcat\u0103.\u00a0<\/p>\n<p><a href=\"https:\/\/www.realitatea.net\/stiri\/politica\/a-aparut-inregistrarea-cu-momentul-in-care-banescu-il-ataca-pe-marius-tuca-halucinant-cum-pune-problema-membrul-cna_67e7dd3434b733274c3389d5\" target=\"_blank\">A ap\u0103rut \u00ceNREGISTRAREA cu momentul \u00een care B\u0103nescu \u00eel atac\u0103 pe Marius Tuc\u0103: halucinant, cum pune problema membrul CNA<\/a><\/p>\n<p>Potrivit surselor citate, CNA a solicitat s\u0103 fie am\u00e2nat\u0103 audierea lui <a href=\"https:\/\/www.realitatea.net\/stiri\/actual\/vasile-banescu-cna-isi-cere-scuze-dupa-atacul-la-adresa-jurnalistilor-dar-nu-demisioneaza_67e6b4b1bbb9685c3d78a562\" target=\"_blank\">B\u0103nescu<\/a> tocmai pentru c\u0103 nu are timp s\u0103 a\u0219tepte s\u0103 se bifeze ordinea de zi \u0219i s\u0103 se ajung\u0103 \u0219i la audierea membrului Consiliului.\u00a0<\/p>\n<p><a href=\"https:\/\/www.realitatea.net\/stiri\/actual\/vasile-banescu-atac-la-judecatorii-de-la-ccr-cinism-si-patologie-morala-netratabila-medical_67a4ab9627eb690671325c92\" target=\"_blank\">Vasile B\u0103nescu<\/a> a spus c\u0103 \u00eentr-o \u021bar\u0103 ca Rom\u00e2nia nu este permis ca un jurnalist s\u0103 critice institu\u021biile statului.\u00a0<\/p>\n<p><a href=\"https:\/\/www.realitatea.net\/stiri\/politica\/marius-tuca-reactioneaza-dupa-ce-a-fost-cenzurat-de-cna-romania-este-un-stat-in-care-democratia-a-fost-suspendata_67e660d15db65b42921d8074\" target=\"_blank\">Marius Tuc\u0103 reac\u021bioneaz\u0103 dup\u0103 ce a fost cenzurat de CNA: Rom\u00e2nia este un stat \u00een care democra\u021bia a fost suspendat\u0103<\/a><\/p>","protected":false},"excerpt":{"rendered":"<p>Surse din Parlament, citate de Realitatea PLUS, au spus c\u0103 Vasile B\u0103nescu nu merge la&hellip;<\/p>\n","protected":false},"author":0,"featured_media":44196,"comment_status":"open","ping_status":"open","sticky":false,"template":"","format":"standard","meta":{"footnotes":""},"categories":[3],"tags":[],"class_list":["post-44195","post","type-post","status-publish","format-standard","has-post-thumbnail","hentry","category-politica"],"_links":{"self":[{"href":"https:\/\/247stiri.ro\/index.php\/wp-json\/wp\/v2\/posts\/44195","targetHints":{"allow":["GET"]}}],"collection":[{"href":"https:\/\/247stiri.ro\/index.php\/wp-json\/wp\/v2\/posts"}],"about":[{"href":"https:\/\/247stiri.ro\/index.php\/wp-json\/wp\/v2\/types\/post"}],"replies":[{"embeddable":true,"href":"https:\/\/247stiri.ro\/index.php\/wp-json\/wp\/v2\/comments?post=44195"}],"version-history":[{"count":0,"href":"https:\/\/247stiri.ro\/index.php\/wp-json\/wp\/v2\/posts\/44195\/revisions"}],"wp:featuredmedia":[{"embeddable":true,"href":"https:\/\/247stiri.ro\/index.php\/wp-json\/wp\/v2\/media\/44196"}],"wp:attachment":[{"href":"https:\/\/247stiri.ro\/index.php\/wp-json\/wp\/v2\/media?parent=44195"}],"wp:term":[{"taxonomy":"category","embeddable":true,"href":"https:\/\/247stiri.ro\/index.php\/wp-json\/wp\/v2\/categories?post=44195"},{"taxonomy":"post_tag","embeddable":true,"href":"https:\/\/247stiri.ro\/index.php\/wp-json\/wp\/v2\/tags?post=44195"}],"curies":[{"name":"wp","href":"https:\/\/api.w.org\/{rel}","templated":true}]}}