{"id":44203,"date":"2025-04-01T12:45:17","date_gmt":"2025-04-01T12:45:17","guid":{"rendered":"https:\/\/247stiri.ro\/index.php\/2025\/04\/01\/clipe-de-cosmar-pentru-o-vedeta-bolnava-de-cancer-dupa-20-de-operatii-se-pregateste-sa-isi-ia-adio-de-la-cei-trei-copiii-ai-sai\/"},"modified":"2025-04-01T12:45:17","modified_gmt":"2025-04-01T12:45:17","slug":"clipe-de-cosmar-pentru-o-vedeta-bolnava-de-cancer-dupa-20-de-operatii-se-pregateste-sa-isi-ia-adio-de-la-cei-trei-copiii-ai-sai","status":"publish","type":"post","link":"https:\/\/247stiri.ro\/index.php\/2025\/04\/01\/clipe-de-cosmar-pentru-o-vedeta-bolnava-de-cancer-dupa-20-de-operatii-se-pregateste-sa-isi-ia-adio-de-la-cei-trei-copiii-ai-sai\/","title":{"rendered":"Clipe de co\u0219mar pentru o vedet\u0103 bolnav\u0103 de cancer. Dup\u0103 20 de opera\u021bii se preg\u0103te\u0219te s\u0103 \u00ee\u0219i ia adio de la cei trei copiii ai s\u0103i"},"content":{"rendered":"<p>Din p\u0103cate, recent, medicii au confirmat c\u0103 boala s-a extins la creier \u0219i pl\u0103m\u00e2ni, complic\u00e2nd \u0219i mai mult situa\u021bia sa medical\u0103.<\/p>\n<p>Evolu\u021bia bolii: un diagnostic tot mai sumbru<\/p>\n<p>\u00cen luna februarie, Teddi Mellencamp a primit vestea c\u0103 melanomul s-a r\u0103sp\u00e2ndit p\u00e2n\u0103 la creier, fiind necesar\u0103 o interven\u021bie urgent\u0103 pentru \u00eendep\u0103rtarea a patru tumori mari. Ulterior, a \u00eenceput \u0219edin\u021bele de radioterapie, \u00een speran\u021ba de a \u00eencetini progresia bolii. Cu toate acestea, \u00een martie, medicii au descoperit alte trei tumori cerebrale \u0219i dou\u0103 la pl\u0103m\u00e2ni, complic\u00e2nd \u0219i <a href=\"https:\/\/www.realitatea.net\/stiri\/extern\/boala-il-pune-la-grea-incercare-pe-regele-charles-monarhul-britanic-isi-anuleaza-vizita-din-acest-an-in-romania_67ea330c36f8ef696128a326\" target=\"_blank\">mai mult prognosticul.<\/a><\/p>\n<p>De\u0219i echipa medical\u0103 \u00eencearc\u0103 s\u0103 o ajute prin imunoterapie \u0219i radia\u021bii, lupta cu aceast\u0103 maladie agresiv\u0103 r\u0103m\u00e2ne una extrem de dificil\u0103.<\/p>\n<p>G\u00e2ndurile pentru viitorul copiilor s\u0103i<\/p>\n<p>Pe l\u00e2ng\u0103 eforturile sale de a lupta \u00eempotriva bolii, Teddi Mellencamp \u00ee\u0219i concentreaz\u0103 aten\u021bia asupra viitorului celor trei copii ai s\u0103i: Slate, \u00een v\u00e2rst\u0103 de 12 ani, Cruz, de 10 ani, \u0219i Dove, de 5 ani. O surs\u0103 apropiat\u0103 a declarat c\u0103 vedeta \u00ee\u0219i dore\u0219te s\u0103 le ofere celor mici sprijin emo\u021bional \u0219i stabilitate \u00een fa\u021ba unei realit\u0103\u021bi dure.<\/p>\n<p>\u201eTeddi este o lupt\u0103toare, iar cei care au urm\u0103rit-o de-a lungul anilor \u0219tiu acest lucru. \u00cens\u0103 fiecare diagnostic nou \u00eei testeaz\u0103 puterea. Le-a spus copiilor c\u0103 este bolnav\u0103, \u00eencerc\u00e2nd s\u0103-i protejeze, dar acum trebuie s\u0103 le explice adev\u0103rul, ceea ce este sf\u00e2\u0219ietor pentru ea. \u00cen ciuda greut\u0103\u021bilor, \u00ee\u0219i p\u0103streaz\u0103 speran\u021ba \u0219i face tot posibilul s\u0103 lupte pentru familia sa\u201d, a relatat o persoan\u0103 apropiat\u0103 vedetei.<\/p>\n\n<p>\u00a0 \u00a0 \u00a0 \u00a0 \u00a0 \u00a0 \u00a0 \u00a0 \u00a0 \u00a0 \u00a0 \u00a0 \u00a0 \u00a0 \u00a0 \u00a0 \u00a0 \u00a0 \u00a0 \u00a0 \u00a0 \u00a0 Vedeta este mama a trei copii \/ Sursa foto &#8211; Instagram\u00a0<\/p>\n<p>Un viitor incert, dar plin de speran\u021b\u0103<\/p>\n<p><a href=\"https:\/\/www.realitatea.net\/stiri\/actual\/chiar-se-face-cancer-de-la-carne-mitul-care-a-bagat-in-sperieti-romanii-desfiintat-de-mihaela-bilic_67e9533a2072351b457d612c\" target=\"_blank\">Potrivit specialistului oncolog<\/a> Jerome Spunberg, melanomul este o form\u0103 de cancer extrem de agresiv\u0103, cu o rat\u0103 sc\u0103zut\u0103 de vindecare, mai ales \u00een stadii avansate. Cu toate acestea, Teddi Mellencamp r\u0103m\u00e2ne optimist\u0103 \u0219i determinat\u0103 s\u0103 continue tratamentele, sper\u00e2nd c\u0103 va reu\u0219i s\u0103 \u00eenving\u0103 boala pentru a fi al\u0103turi de copiii s\u0103i c\u00e2t mai mult timp posibil.<\/p>\n<p>\u00cen aceste momente dificile, fanii \u0219i apropia\u021bii vedetei \u00eei transmit g\u00e2nduri bune \u0219i o sus\u021bin \u00een aceast\u0103 lupt\u0103 complicat\u0103.<\/p>\n<p>\u00a0<\/p>","protected":false},"excerpt":{"rendered":"<p>Din p\u0103cate, recent, medicii au confirmat c\u0103 boala s-a extins la creier \u0219i pl\u0103m\u00e2ni, complic\u00e2nd&hellip;<\/p>\n","protected":false},"author":0,"featured_media":44204,"comment_status":"open","ping_status":"open","sticky":false,"template":"","format":"standard","meta":{"footnotes":""},"categories":[4],"tags":[],"class_list":["post-44203","post","type-post","status-publish","format-standard","has-post-thumbnail","hentry","category-extern"],"_links":{"self":[{"href":"https:\/\/247stiri.ro\/index.php\/wp-json\/wp\/v2\/posts\/44203","targetHints":{"allow":["GET"]}}],"collection":[{"href":"https:\/\/247stiri.ro\/index.php\/wp-json\/wp\/v2\/posts"}],"about":[{"href":"https:\/\/247stiri.ro\/index.php\/wp-json\/wp\/v2\/types\/post"}],"replies":[{"embeddable":true,"href":"https:\/\/247stiri.ro\/index.php\/wp-json\/wp\/v2\/comments?post=44203"}],"version-history":[{"count":0,"href":"https:\/\/247stiri.ro\/index.php\/wp-json\/wp\/v2\/posts\/44203\/revisions"}],"wp:featuredmedia":[{"embeddable":true,"href":"https:\/\/247stiri.ro\/index.php\/wp-json\/wp\/v2\/media\/44204"}],"wp:attachment":[{"href":"https:\/\/247stiri.ro\/index.php\/wp-json\/wp\/v2\/media?parent=44203"}],"wp:term":[{"taxonomy":"category","embeddable":true,"href":"https:\/\/247stiri.ro\/index.php\/wp-json\/wp\/v2\/categories?post=44203"},{"taxonomy":"post_tag","embeddable":true,"href":"https:\/\/247stiri.ro\/index.php\/wp-json\/wp\/v2\/tags?post=44203"}],"curies":[{"name":"wp","href":"https:\/\/api.w.org\/{rel}","templated":true}]}}