{"id":44211,"date":"2025-04-01T12:45:21","date_gmt":"2025-04-01T12:45:21","guid":{"rendered":"https:\/\/247stiri.ro\/index.php\/2025\/04\/01\/miron-mitrea-il-face-praf-pe-ponta-este-reprezentantul-unor-cercuri-de-interese-care-au-vrut-sa-l-slabeasca-pe-antonescu-dar-i-a-tradat-si-pe-ei-ce-rol-are-grupul-de-la-cluj\/"},"modified":"2025-04-01T12:45:21","modified_gmt":"2025-04-01T12:45:21","slug":"miron-mitrea-il-face-praf-pe-ponta-este-reprezentantul-unor-cercuri-de-interese-care-au-vrut-sa-l-slabeasca-pe-antonescu-dar-i-a-tradat-si-pe-ei-ce-rol-are-grupul-de-la-cluj","status":"publish","type":"post","link":"https:\/\/247stiri.ro\/index.php\/2025\/04\/01\/miron-mitrea-il-face-praf-pe-ponta-este-reprezentantul-unor-cercuri-de-interese-care-au-vrut-sa-l-slabeasca-pe-antonescu-dar-i-a-tradat-si-pe-ei-ce-rol-are-grupul-de-la-cluj\/","title":{"rendered":"Miron Mitrea \u00eel face praf pe Ponta: Este reprezentantul unor cercuri de interese care au vrut s\u0103-l sl\u0103beasc\u0103 pe Antonescu, dar i-a tr\u0103dat \u0219i pe ei. Ce rol are grupul de la Cluj?"},"content":{"rendered":"<p>\u00centr-o interven\u021bie \u00een exclusivitate la Realitatea Plus, consultantul politic Miron Mitrea a f\u0103cut o analiz\u0103 a contextului politic actual, mai ales dup\u0103 ce suveranistul vopsit Victor Ponta a recunoscut c\u0103 \u021bine leg\u0103tura cu Sebastian Ghi\u021b\u0103, patronul postului TV care-l promoveaz\u0103 intens pe Ponta.<\/p>\n<p>&#8222;PSD este un partid de autorit\u0103\u021bi locale, pentru ei este vital s\u0103 aib\u0103 partidul la putere, ei au nevoie de resurse pentru oamenii lor. De aceea, PSD \u00een ansamblu va merge cu Antonescu, chiar dac\u0103 unora nu le pace, chiar dac\u0103 mai sunt unii care bag\u0103 b\u0103\u021bul prin gard \u0219i \u0219tim c\u0103 este grupul de la Cluj, care este prieten cu Ponta, Ponta este membru al grupului de la Cluj \u0219i vor \u00eencerca s\u0103 fac\u0103 valuri.<\/p>\n<p>Dar partidul \u00een ansamblu trebuie s\u0103 mearg\u0103 cu Antonescu, dac\u0103 nu fac asta, \u00eensemn\u0103 c\u0103 se sinucid.<\/p>\n<p>Dac\u0103 Antonescu nu iese, PSD va avea o problem\u0103 imens\u0103, va pierde puterea \u00een termen scurt \u0219i va trece \u00een Opozi\u021bie. Nu-\u0219i doresc asta dec\u00e2t dac\u0103 ar fi nebuni \u0219i nu sunt!&#8221; a explicat Mitrea.<\/p>\n<p>Ponta s-ar vopsi \u0219i \u00een gard, dac\u0103 rom\u00e2nii ar dori s\u0103 voteze un gard<\/p>\n<p>Miron Mitrea, fost coleg de partid cu Victor Ponta, l-a descris pe acesta drept un politician &#8222;versatil&#8221;, capabil s\u0103 tr\u0103deze at\u00e2t oameni, c\u00e2t \u0219i idealuri politice.\u00a0\u00a0<\/p>\n<p>&#8222;El a fost proeuropean, a fost globalist, a fost proamerican, apoi n-a mai fost proamerican. S\u0103 nu uit\u0103m c\u0103 este individul care, \u00een aceea\u0219i zi, a ie\u0219ti cu dou\u0103 pozi\u021bii diametral opuse: de la guvern a spus s\u0103 se dea drumul exploat\u0103rii de la Ro\u0219ia Montan\u0103 \u0219i c\u00e2nd a ajuns la parament a zis \u201cNu! Aia a fost pozi\u021bia mea ca \u0219ef al guvernului\u201d. Deci este capabil de orice, \u201cversatil\u201d este chiar un cuv\u00e2nt care \u00eel laud\u0103.<\/p>\n<p>El este reprezentantul unor grupuri de interese care a fost b\u0103gat \u00een lupta politica de ni\u0219te grup\u0103ri mai largi, pentru a-i lua din voturi lui Crin Antonescu, de unde apare \u0219i aceast\u0103 tem\u0103 a tr\u0103d\u0103rii, ca s\u0103 sl\u0103beasc\u0103 \u00eencrederea \u00een Crin Antonescu, dar el, odat\u0103 ajuns candidat, \u00eei tr\u0103deaz\u0103 \u0219i pe aia care l-au b\u0103gat la lupt\u0103 contra lui Antonescu \u0219i \u00eencearc\u0103 s\u0103 ajung\u0103 pre\u0219edinte sub orice form\u0103.<\/p>\n<p>Se vopse\u0219te \u0219i \u00een gard, dac\u0103 este nevoie. Dac\u0103 rom\u00e2nii decid c\u0103 vor s\u0103 voteze un gard, el m\u00e2ine se vopse\u0219te \u00een gard&#8221;, a opinat Miron Mitrea, \u00eentr-o interven\u021bie \u00een direct la Realitatea Plus.<\/p>","protected":false},"excerpt":{"rendered":"<p>\u00centr-o interven\u021bie \u00een exclusivitate la Realitatea Plus, consultantul politic Miron Mitrea a f\u0103cut o analiz\u0103&hellip;<\/p>\n","protected":false},"author":0,"featured_media":44206,"comment_status":"open","ping_status":"open","sticky":false,"template":"","format":"standard","meta":{"footnotes":""},"categories":[2],"tags":[],"class_list":["post-44211","post","type-post","status-publish","format-standard","has-post-thumbnail","hentry","category-actual"],"_links":{"self":[{"href":"https:\/\/247stiri.ro\/index.php\/wp-json\/wp\/v2\/posts\/44211","targetHints":{"allow":["GET"]}}],"collection":[{"href":"https:\/\/247stiri.ro\/index.php\/wp-json\/wp\/v2\/posts"}],"about":[{"href":"https:\/\/247stiri.ro\/index.php\/wp-json\/wp\/v2\/types\/post"}],"replies":[{"embeddable":true,"href":"https:\/\/247stiri.ro\/index.php\/wp-json\/wp\/v2\/comments?post=44211"}],"version-history":[{"count":0,"href":"https:\/\/247stiri.ro\/index.php\/wp-json\/wp\/v2\/posts\/44211\/revisions"}],"wp:featuredmedia":[{"embeddable":true,"href":"https:\/\/247stiri.ro\/index.php\/wp-json\/wp\/v2\/media\/44206"}],"wp:attachment":[{"href":"https:\/\/247stiri.ro\/index.php\/wp-json\/wp\/v2\/media?parent=44211"}],"wp:term":[{"taxonomy":"category","embeddable":true,"href":"https:\/\/247stiri.ro\/index.php\/wp-json\/wp\/v2\/categories?post=44211"},{"taxonomy":"post_tag","embeddable":true,"href":"https:\/\/247stiri.ro\/index.php\/wp-json\/wp\/v2\/tags?post=44211"}],"curies":[{"name":"wp","href":"https:\/\/api.w.org\/{rel}","templated":true}]}}