{"id":44219,"date":"2025-04-01T13:45:07","date_gmt":"2025-04-01T13:45:07","guid":{"rendered":"https:\/\/247stiri.ro\/index.php\/2025\/04\/01\/accident-rutier-fatidic-dupa-ce-o-soferita-a-incurcat-pedalele-a-cazut-cu-masina-de-la-etajul-5-al-unei-parcari-apoi-a-luat-foc\/"},"modified":"2025-04-01T13:45:07","modified_gmt":"2025-04-01T13:45:07","slug":"accident-rutier-fatidic-dupa-ce-o-soferita-a-incurcat-pedalele-a-cazut-cu-masina-de-la-etajul-5-al-unei-parcari-apoi-a-luat-foc","status":"publish","type":"post","link":"https:\/\/247stiri.ro\/index.php\/2025\/04\/01\/accident-rutier-fatidic-dupa-ce-o-soferita-a-incurcat-pedalele-a-cazut-cu-masina-de-la-etajul-5-al-unei-parcari-apoi-a-luat-foc\/","title":{"rendered":"Accident rutier FATIDIC dup\u0103 ce o \u0219oferi\u021b\u0103 a \u00eencurcat pedalele: a c\u0103zut cu ma\u0219ina de la etajul 5 al unei parc\u0103ri, apoi a luat FOC"},"content":{"rendered":"<p>\u00a0Potrivit autorit\u0103\u021bilor, cauza accidentului ar fi fost o eroare fatal\u0103: \u0219oferi\u021ba a ap\u0103sat pedala de accelera\u021bie \u00een locul celei de fr\u00e2n\u0103, ceea ce a condus la pr\u0103bu\u0219irea vehiculului.<\/p>\n<p>Ma\u0219ina s-a pr\u0103bu\u0219it \u0219i a fost cuprins\u0103 de fl\u0103c\u0103ri<\/p>\n<p><a href=\"https:\/\/www.realitatea.net\/stiri\/actual\/accident-stupid-o-femeie-a-murit-a-murit-in-parcare-dupa-ce-prietena-ei-a-dat-cu-spatele-soferita-a-confundat-pedalele_666318a05ae6c2734013a078\" target=\"_blank\">Evenimentul a avut loc<\/a> \u00een jurul orei 20:30, pe strada Kr\u00eelatskaia. La scurt timp dup\u0103 impact, autoturismul, un model Volkswagen, a fost cuprins de fl\u0103c\u0103ri. Martorii afla\u021bi la fa\u021ba locului au intervenit rapid \u0219i au reu\u0219it s\u0103 sting\u0103 incendiul cu extinctoare \u00eenainte de sosirea pompierilor. Din p\u0103cate, \u0219oferi\u021ba nu a supravie\u021buit accidentului.<\/p>\n<p>Anchetatorii \u0219i exper\u021bii criminali\u0219ti au ajuns la fa\u021ba locului pentru a stabili cu exactitate cum s-a produs incidentul. Primele concluzii sugereaz\u0103 c\u0103 femeia ar fi pierdut controlul din cauza unei confuzii \u00eentre pedalele de accelera\u021bie \u0219i fr\u00e2n\u0103.<\/p>\n<p>Autorit\u0103\u021bile continu\u0103 investiga\u021biile pentru a determina toate detaliile care au dus la <a href=\"https:\/\/www.realitatea.net\/stiri\/actual\/o-femeie-a-ajuns-cu-masina-in-zidul-unui-bloc-dupa-ce-a-incurcat-frana-cu-acceleratia-incident-la-galati_6511585584fd2105c24191b3\" target=\"_blank\">acest accident \u0219ocant,<\/a> iar martorii sunt audia\u021bi pentru a clarifica circumstan\u021bele exacte ale tragediei.<\/p>","protected":false},"excerpt":{"rendered":"<p>\u00a0Potrivit autorit\u0103\u021bilor, cauza accidentului ar fi fost o eroare fatal\u0103: \u0219oferi\u021ba a ap\u0103sat pedala de&hellip;<\/p>\n","protected":false},"author":0,"featured_media":44220,"comment_status":"open","ping_status":"open","sticky":false,"template":"","format":"standard","meta":{"footnotes":""},"categories":[4],"tags":[],"class_list":["post-44219","post","type-post","status-publish","format-standard","has-post-thumbnail","hentry","category-extern"],"_links":{"self":[{"href":"https:\/\/247stiri.ro\/index.php\/wp-json\/wp\/v2\/posts\/44219","targetHints":{"allow":["GET"]}}],"collection":[{"href":"https:\/\/247stiri.ro\/index.php\/wp-json\/wp\/v2\/posts"}],"about":[{"href":"https:\/\/247stiri.ro\/index.php\/wp-json\/wp\/v2\/types\/post"}],"replies":[{"embeddable":true,"href":"https:\/\/247stiri.ro\/index.php\/wp-json\/wp\/v2\/comments?post=44219"}],"version-history":[{"count":0,"href":"https:\/\/247stiri.ro\/index.php\/wp-json\/wp\/v2\/posts\/44219\/revisions"}],"wp:featuredmedia":[{"embeddable":true,"href":"https:\/\/247stiri.ro\/index.php\/wp-json\/wp\/v2\/media\/44220"}],"wp:attachment":[{"href":"https:\/\/247stiri.ro\/index.php\/wp-json\/wp\/v2\/media?parent=44219"}],"wp:term":[{"taxonomy":"category","embeddable":true,"href":"https:\/\/247stiri.ro\/index.php\/wp-json\/wp\/v2\/categories?post=44219"},{"taxonomy":"post_tag","embeddable":true,"href":"https:\/\/247stiri.ro\/index.php\/wp-json\/wp\/v2\/tags?post=44219"}],"curies":[{"name":"wp","href":"https:\/\/api.w.org\/{rel}","templated":true}]}}