{"id":44223,"date":"2025-04-01T13:45:09","date_gmt":"2025-04-01T13:45:09","guid":{"rendered":"https:\/\/247stiri.ro\/index.php\/2025\/04\/01\/crin-antonescu-prezinta-planul-pentru-tara-marea-neagra-e-cruciala-pentru-securitatea-noastra\/"},"modified":"2025-04-01T13:45:09","modified_gmt":"2025-04-01T13:45:09","slug":"crin-antonescu-prezinta-planul-pentru-tara-marea-neagra-e-cruciala-pentru-securitatea-noastra","status":"publish","type":"post","link":"https:\/\/247stiri.ro\/index.php\/2025\/04\/01\/crin-antonescu-prezinta-planul-pentru-tara-marea-neagra-e-cruciala-pentru-securitatea-noastra\/","title":{"rendered":"Crin Antonescu prezint\u0103 planul pentru \u021bar\u0103: \u201eMarea Neagr\u0103 e crucial\u0103 pentru securitatea noastr\u0103!\u201d"},"content":{"rendered":"<p>\u00cen cadrul \u00eent\u00e2lnirii cu liderii PSD \u0219i PNL din jude\u021b, Antonescu a eviden\u021biat rolul strategic al regiunii Dobrogea \u0219i al jude\u021bului Constan\u021ba \u00een arhitectura de securitate a Rom\u00e2niei \u0219i a NATO.<\/p>\n<p>\u201eBaza de la Kog\u0103lniceanu, punct esen\u021bial \u00een sistemul de securitate actual al Rom\u00e2niei \u015fi al NATO, este tot la dumneavoastr\u0103 \u015fi iat\u0103 c\u0103 \u00een felul acesta Dobrogea \u015fi Constan\u021ba pot deveni \u015fi se pot consolida nu doar ca poart\u0103 de respira\u021bie economic\u0103 \u015fi energetic\u0103 a Uniunii Europene, ci pur \u015fi simplu ca punctul cheie din flancul estic al NATO.\u201d, a declarat Crin Antonescu, candidatul la preziden\u021biale.<\/p>\n<p>El a precizat c\u0103 \u201etoate aceste perspective sunt garantate de un pre\u0219edinte care s\u0103 aib\u0103 aceste obiective, care s\u0103 aib\u0103 priceperea de a le urm\u0103ri, consecven\u021ba de a g\u0103si posibilit\u0103\u021bile cele mai rapide \u015fi cele mai eficiente de a le atinge \u015fi care \u00eempreun\u0103, pentru c\u0103 altfel nu se poate, cu guvernul, cu majoritatea parlamentar\u0103 \u015fi cu administra\u021bia local\u0103 s\u0103 construiasc\u0103 \u015fi s\u0103 \u00eendeplineasc\u0103 linie cu linie, zi cu zi, an cu an, proiecte de anvergur\u0103 pentru aceast\u0103 \u0163ar\u0103\u201d.\u00a0<\/p>\n<p>\u201ePentru asta candidez, pentru asta partide care alc\u0103tuiesc coali\u0163ia majoritar\u0103, ast\u0103zi, sunt \u00eempreun\u0103. \u00a0Noi trebuie s\u0103 \u00een\u021belegem urm\u0103torul lucru: nu are altcineva dec\u00e2t noi de realizat asta. Nu putem sta deoparte, nu ne putem uita, nu putem asista, s\u0103 vedem ce se \u00eent\u00e2mpl\u0103. Pentru c\u0103 se \u00eent\u00e2mpl\u0103 cu noi, cu \u0163ara noastr\u0103, cu comunit\u0103\u021bile noastre, cu planurile noastre. La a\u015fa ceva nu po\u0163i a\u0219tepta. Istoria nu te a\u0219teapt\u0103, istoria nu te invit\u0103, \u015fi dac\u0103 e\u015fti responsabil, mai ales \u00een calitatea de lider al unei comunit\u0103\u021bi, lider al unui jude\u0163, de lider al unui partid, al unei organiza\u0163ii, trebuie s\u0103 \u00een\u0163elegi c\u0103 a face politic\u0103 \u00eenseamn\u0103 asta. \u201dPolitica nu-i birocra\u0163ie. Politica este energie, este credin\u0163\u0103, este decizie. \u015ei sunt momente \u00een care ea te pune \u00eentr-o situa\u0163ie aproape de lupt\u0103, a\u015fa cum domnul primar Chi\u0163ac spunea, te pune \u00een ordinea de b\u0103taie \u015fi trebuie s\u0103 dai b\u0103t\u0103lii care sunt pentru viitorul \u0163\u0103rii tale, pentru bun\u0103starea \u0163\u0103rii tale \u015fi pentru democra\u021bia din \u0163ara ta. Noi astfel de b\u0103t\u0103lie avem de dat. Suntem \u00eempreun\u0103, cred, cu to\u0163i oamenii care \u00een\u0163eleg c\u0103 \u00een Rom\u00e2nia nu putem d\u0103r\u00e2ma ceea ce am construit, cu greu, \u00een timp, dar \u015fi c\u0103 trebuie schimbat tot ceea ce poate \u015fi trebuie s\u0103 fie schimbat.\u201d, a completat Crin Antonescu.<\/p>\n<p>Crin Antonescu: \u201eNoi nu ne proclam\u0103m antisistem, dar \u00een\u0163elegem \u00een acela\u015fi timp c\u0103 \u00een interiorul sistemului, \u00een func\u021bionarea partidelor, a clasei politice, trebuie f\u0103cute schimb\u0103ri\u201d<\/p>\n<p>\u201eNoi nu suntem antisistem. Noi nu ne procl\u0103m\u0103m antisistem. Noi \u00een\u0163elegem prin sistem democra\u021bia din Rom\u00e2nia, pluralismul din Rom\u00e2nia, Parlamentul, partidele politice, majoritatea, ca \u015fi opozi\u0163ia, la fel de legitime, dar \u00een\u0163elegem \u00een acela\u015fi timp c\u0103 \u00een interiorul sistemului, \u00een func\u0163ionarea sistemului, a partidelor, a clasei politice, trebuie f\u0103cute schimb\u0103ri. Schimb\u0103ri \u00eenc\u00e2t noi, ca politicieni, s\u0103 r\u0103spundem exigen\u0163elor cet\u0103\u0163enilor, care sunt din ce \u00een ce mai mari, care nu se mai mul\u0163umesc cu faptul c\u0103 am realizat ceva, ci m\u0103soar\u0103 c\u00e2t puteam realiza mai mult dec\u00e2t am f\u0103cut-o, \u015fi \u00een felul acesta, cu aceast\u0103 con\u015ftiin\u0163\u0103 \u015fi cu aceast\u0103 responsabilitate, s\u0103 mergem mai departe. Eu despre aceste lucruri vorbesc \u00een campanie electoral\u0103. Eu nu vorbesc despre organizarea campaniei, care este o chestiune strict\u0103 a partidelor, care \u015ftiu s\u0103 fac\u0103 asta \u015fi dac\u0103 vor o fac.<\/p>\n<p>E vorba pur \u015fi simplu de lumea noastr\u0103 a\u015fa cum am construit-o \u00een 35 de ani, cu libertatea \u015fi realiz\u0103rile ei, care trebuie ap\u0103rat\u0103 \u015fi de \u015fansa de a face schimb\u0103ri necesare \u00een perspectiv\u0103.\u00a0<\/p>\n<p>Pentru asta \u00eens\u0103 avem nevoie de stabilitate, avem nevoie de pace, avem nevoie de proiecte \u015fi oameni care le pot duce la bun sf\u00e2r\u015fit. Eu cred c\u0103 oamenii ace\u015ftia sunte\u0163i dumneavoastr\u0103, sunt \u00een \u00eentreaga \u0163ar\u0103 oameni ca dumneavoastr\u0103 \u015fi pentru mine, \u00een calitate de candidat pe care \u00eel sus\u0163ine\u0163i, este o onoare pe care o voi duce cu toat\u0103 dedica\u0163ia, cu toat\u0103 energia \u015fi cu toat\u0103 \u00eencrederea mea p\u00e2n\u0103 la sf\u00e2r\u015fit.\u201d, se arat\u0103 \u00een discursul \u021binut de Crin Antonescu la conferin\u021ba de la Constan\u021ba,<\/p>\n<p>\u00a0<\/p>\n<p>\u00a0<\/p>\n<p>\u00a0<\/p>\n<p>\u00a0<\/p>\n<p>\u00a0<\/p>\n<p>\u00a0<\/p>\n<p>\u00a0<\/p>\n<p>\u00a0<\/p>\n<p>\u00a0<\/p>\n<p>\u00a0<\/p>\n<p>\u00a0<\/p>","protected":false},"excerpt":{"rendered":"<p>\u00cen cadrul \u00eent\u00e2lnirii cu liderii PSD \u0219i PNL din jude\u021b, Antonescu a eviden\u021biat rolul strategic&hellip;<\/p>\n","protected":false},"author":0,"featured_media":44224,"comment_status":"open","ping_status":"open","sticky":false,"template":"","format":"standard","meta":{"footnotes":""},"categories":[3],"tags":[],"class_list":["post-44223","post","type-post","status-publish","format-standard","has-post-thumbnail","hentry","category-politica"],"_links":{"self":[{"href":"https:\/\/247stiri.ro\/index.php\/wp-json\/wp\/v2\/posts\/44223","targetHints":{"allow":["GET"]}}],"collection":[{"href":"https:\/\/247stiri.ro\/index.php\/wp-json\/wp\/v2\/posts"}],"about":[{"href":"https:\/\/247stiri.ro\/index.php\/wp-json\/wp\/v2\/types\/post"}],"replies":[{"embeddable":true,"href":"https:\/\/247stiri.ro\/index.php\/wp-json\/wp\/v2\/comments?post=44223"}],"version-history":[{"count":0,"href":"https:\/\/247stiri.ro\/index.php\/wp-json\/wp\/v2\/posts\/44223\/revisions"}],"wp:featuredmedia":[{"embeddable":true,"href":"https:\/\/247stiri.ro\/index.php\/wp-json\/wp\/v2\/media\/44224"}],"wp:attachment":[{"href":"https:\/\/247stiri.ro\/index.php\/wp-json\/wp\/v2\/media?parent=44223"}],"wp:term":[{"taxonomy":"category","embeddable":true,"href":"https:\/\/247stiri.ro\/index.php\/wp-json\/wp\/v2\/categories?post=44223"},{"taxonomy":"post_tag","embeddable":true,"href":"https:\/\/247stiri.ro\/index.php\/wp-json\/wp\/v2\/tags?post=44223"}],"curies":[{"name":"wp","href":"https:\/\/api.w.org\/{rel}","templated":true}]}}