{"id":44245,"date":"2025-04-01T14:45:13","date_gmt":"2025-04-01T14:45:13","guid":{"rendered":"https:\/\/247stiri.ro\/index.php\/2025\/04\/01\/scandal-intr-o-scoala-din-romania-profesoara-in-centrul-atentiei-dupa-ce-i-a-smuls-cu-forta-genele-false-unei-minore\/"},"modified":"2025-04-01T14:45:13","modified_gmt":"2025-04-01T14:45:13","slug":"scandal-intr-o-scoala-din-romania-profesoara-in-centrul-atentiei-dupa-ce-i-a-smuls-cu-forta-genele-false-unei-minore","status":"publish","type":"post","link":"https:\/\/247stiri.ro\/index.php\/2025\/04\/01\/scandal-intr-o-scoala-din-romania-profesoara-in-centrul-atentiei-dupa-ce-i-a-smuls-cu-forta-genele-false-unei-minore\/","title":{"rendered":"Scandal \u00eentr-o \u0219coal\u0103 din Rom\u00e2nia: profesoar\u0103, \u00een centrul aten\u021biei dup\u0103 ce i-a smuls cu for\u021ba genele false unei minore"},"content":{"rendered":"<p>Cum s-a \u00eent\u00e2mplat totul<\/p>\n<p><a href=\"https:\/\/www.realitatea.net\/stiri\/actual\/elev-gasit-inconstient-in-toaleta-cu-o-sticla-langa-el-caz-revoltator-in-scolile-din-romania_67ea7f49a65ad02ac14ac622\" target=\"_blank\">Incidentul s-a produs<\/a> \u00een timpul orei de curs, c\u00e2nd profesoara a observat c\u0103 o elev\u0103 din clasa a \u0219asea purta gene false, arat\u0103 cugetliber.ro. Potrivit m\u0103rturiilor, dasc\u0103lul a considerat c\u0103 aceast\u0103 apari\u021bie nu este adecvat\u0103 \u0219i a decis s\u0103 ac\u021bioneze radical. De\u0219i adolescenta a cerut s\u0103 mearg\u0103 la baie pentru a-\u0219i \u00eendep\u0103rta genele singur\u0103, cererea i-a fost refuzat\u0103. \u00cen schimb, profesoara le-ar fi ordonat altor dou\u0103 eleve s\u0103 o \u021bin\u0103 nemi\u0219cat\u0103, \u00een timp ce ea i-a smuls genele false cu for\u021ba.<\/p>\n<p>Ac\u021biunea a avut consecin\u021be grave pentru elev\u0103, care s-a ales cu irita\u021bii \u00een zona ochilor \u0219i un puternic \u0219oc emo\u021bional. P\u0103rin\u021bii fetei au reac\u021bionat imediat \u0219i au depus pl\u00e2ngeri at\u00e2t la conducerea \u0219colii, c\u00e2t \u0219i la autorit\u0103\u021bi. Cazul a ajuns \u00een aten\u021bia Parchetului de pe l\u00e2ng\u0103 Judec\u0103toria Petro\u0219ani, iar profesoara este acum subiectul unei anchete disciplinare la nivelul unit\u0103\u021bii de \u00eenv\u0103\u021b\u0103m\u00e2nt.<\/p>\n\n<p>\u00a0 \u00a0 \u00a0 \u00a0 \u00a0 \u00a0 \u00a0 \u00a0 \u00a0 \u00a0 \u00a0 \u00a0 \u00a0Scandal \u00eentr-o \u0219coal\u0103 din Hunedoara \/ Sursa foto &#8211; cugetliber.ro<\/p>\n<p>Profesoara de rom\u00e2n\u0103 \u0219i-a luat concediu medical<\/p>\n<p><a href=\"https:\/\/www.realitatea.net\/stiri\/actual\/minorii-care-au-batut-si-injunghiat-un-coleg-de-scoala-arestatii-pentru-tentativa-de-omor-victima-este-in-continuare-internata-in-spital_67dd2558bbe58a51790af613\" target=\"_blank\">P\u00e2n\u0103 la finalizarea investiga\u021biei,<\/a> cadrul didactic nu mai are voie s\u0103 interac\u021bioneze cu elevii \u0219i a fost mutat\u0103 temporar la biblioteca \u0219colii. Totodat\u0103, aceasta \u0219i-a luat concediu medical.<\/p>\n<p>Reprezentan\u021bii \u0218colii Gimnaziale din Petrila au subliniat c\u0103, de\u0219i exist\u0103 reguli interne cu privire la aspectul elevilor, acestea nu pot fi impuse prin ac\u021biuni abuzive. \u201eNicio norm\u0103 nu justific\u0103 un asemenea comportament din partea unui profesor. Elevii trebuie s\u0103 fie trata\u021bi cu respect \u0219i proteja\u021bi de orice form\u0103 de agresiune fizic\u0103 sau emo\u021bional\u0103\u201d, au transmis oficialii unit\u0103\u021bii de \u00eenv\u0103\u021b\u0103m\u00e2nt.<\/p>\n<p>\u00cen prezent, autorit\u0103\u021bile analizeaz\u0103 circumstan\u021bele exacte ale incidentului \u0219i urmeaz\u0103 s\u0103 stabileasc\u0103 eventualele sanc\u021biuni.<\/p>","protected":false},"excerpt":{"rendered":"<p>Cum s-a \u00eent\u00e2mplat totul Incidentul s-a produs \u00een timpul orei de curs, c\u00e2nd profesoara a&hellip;<\/p>\n","protected":false},"author":0,"featured_media":44246,"comment_status":"open","ping_status":"open","sticky":false,"template":"","format":"standard","meta":{"footnotes":""},"categories":[2],"tags":[],"class_list":["post-44245","post","type-post","status-publish","format-standard","has-post-thumbnail","hentry","category-actual"],"_links":{"self":[{"href":"https:\/\/247stiri.ro\/index.php\/wp-json\/wp\/v2\/posts\/44245","targetHints":{"allow":["GET"]}}],"collection":[{"href":"https:\/\/247stiri.ro\/index.php\/wp-json\/wp\/v2\/posts"}],"about":[{"href":"https:\/\/247stiri.ro\/index.php\/wp-json\/wp\/v2\/types\/post"}],"replies":[{"embeddable":true,"href":"https:\/\/247stiri.ro\/index.php\/wp-json\/wp\/v2\/comments?post=44245"}],"version-history":[{"count":0,"href":"https:\/\/247stiri.ro\/index.php\/wp-json\/wp\/v2\/posts\/44245\/revisions"}],"wp:featuredmedia":[{"embeddable":true,"href":"https:\/\/247stiri.ro\/index.php\/wp-json\/wp\/v2\/media\/44246"}],"wp:attachment":[{"href":"https:\/\/247stiri.ro\/index.php\/wp-json\/wp\/v2\/media?parent=44245"}],"wp:term":[{"taxonomy":"category","embeddable":true,"href":"https:\/\/247stiri.ro\/index.php\/wp-json\/wp\/v2\/categories?post=44245"},{"taxonomy":"post_tag","embeddable":true,"href":"https:\/\/247stiri.ro\/index.php\/wp-json\/wp\/v2\/tags?post=44245"}],"curies":[{"name":"wp","href":"https:\/\/api.w.org\/{rel}","templated":true}]}}