{"id":44247,"date":"2025-04-01T15:44:56","date_gmt":"2025-04-01T15:44:56","guid":{"rendered":"https:\/\/247stiri.ro\/index.php\/2025\/04\/01\/guvernul-bifeaza-un-nou-esec-de-proportii-din-24-de-spitale-regionale-ue-ne-da-bani-doar-pentru-13\/"},"modified":"2025-04-01T15:44:56","modified_gmt":"2025-04-01T15:44:56","slug":"guvernul-bifeaza-un-nou-esec-de-proportii-din-24-de-spitale-regionale-ue-ne-da-bani-doar-pentru-13","status":"publish","type":"post","link":"https:\/\/247stiri.ro\/index.php\/2025\/04\/01\/guvernul-bifeaza-un-nou-esec-de-proportii-din-24-de-spitale-regionale-ue-ne-da-bani-doar-pentru-13\/","title":{"rendered":"Guvernul \u201ebifeaz\u0103\u201d un nou e\u0219ec de propor\u021bii: Din 24 de spitale regionale, UE ne d\u0103 bani doar pentru 13"},"content":{"rendered":"<p>Ministrul Investi\u021biilor \u0219i Proiectelor Europene, Marcel Bolo\u0219, a declarat mar\u021bi, 1 aprilie 2025, c\u0103, \u00een prezent, exist\u0103 discu\u021bii cu reprezentan\u021bii Comisiei Europene ca doar 13 spitale s\u0103 fie realizate cu finan\u021bare prin Planul Na\u021bional de Redresare \u0219i Rezilien\u021b\u0103, iar alte \u0219ase dintre cele prev\u0103zute s\u0103 fie construite din \u00eemprumutul pe care \u021bara noastr\u0103 o s\u0103 \u00eel contracteze de la Banca European\u0103 de Investi\u021bii.<\/p>\n<p>Bolo\u0219 a fost \u00eentrebat, la Palatul Parlamentului, c\u00e2te dintre spitalele care ini\u021bial se prevedea c\u0103 vor fi realizate prin PNRR vor r\u0103m\u00e2ne \u00een acest proiect.<\/p>\n<p>&#8216;Ini\u021bial, c\u00e2nd am pornit Planul Na\u021bional de Redresare \u0219i Rezilien\u021b\u0103, am pornit la drum cu 24, dup\u0103 care la prima renegociere au r\u0103mas 19, iar acum discu\u021biile cu Comisia European\u0103 au fost ca toate acele spitale care au contractele de achizi\u021bie public\u0103 \u00eencheiate \u0219i munca \u00een \u0219antier \u00eenceput\u0103 s\u0103 poat\u0103 continua finan\u021barea din Planul Na\u021bional de Redresare \u0219i Rezilien\u021b\u0103. Aceast\u0103 negociere este \u00een momentul de fa\u021b\u0103 \u00een lucru cu reprezentan\u021bii Comisiei, urmeaz\u0103 s\u0103 fie definitivat\u0103 \u00een cursul acestei luni. \u00cengrijorarea pe care o are Comisia este c\u0103 aceste proiecte de infrastructur\u0103 spitaliceasc\u0103, care sunt complexe \u0219i cu un nivel ridicat de risc de implementare, nu vor fi finalizate p\u00e2n\u0103 pe 31 august 2026&#8217;, a explicat Marcel Bolo\u0219.<\/p>\n<p>Pentru celelalte spitale va trebui s\u0103 ne \u00eemprumut\u0103m<\/p>\n<p>Potrivit acestuia, urmeaz\u0103 s\u0103 fie identificate solu\u021bii pentru ca aceste spitale s\u0103 fie finalizate, fie prin transferul \u00een Politica de coeziune, respectiv \u00een Programul de s\u0103n\u0103tate, fie \u00een \u00eemprumutul BEI, care este \u00een procedur\u0103 de contractare.<\/p>\n<p>&#8216;Niciunul dintre aceste spitale nu va r\u0103m\u00e2ne \u00een voia sor\u021bii, \u00een\u021beleg\u00e2nd importan\u021ba pe care o au. 13 sunt \u00een discu\u021bie cu Comisia European\u0103 ca s\u0103 fie p\u0103strate la finan\u021bare din Planul Na\u021bional de Redresare \u0219i Rezilien\u021b\u0103. Diferen\u021ba de \u0219ase, p\u00e2n\u0103 la 19, c\u00e2t ne-am angajat, analiz\u0103m posibilitatea de a fi transferate \u00een Programul de s\u0103n\u0103tate sau \u00een \u00eemprumutul BEI. Deci, \u00een momentul de fa\u021b\u0103, analizele \u0219i discu\u021biile pe care le avem sunt ca proiectele s\u0103 aib\u0103 identificate surse de finan\u021bare \u0219i s\u0103 nu afect\u0103m infrastructura de s\u0103n\u0103tate. (&#8230;) Aceste proiecte nu sunt proiecte care se fac de pe o zi pe alta. A construi un spital \u00eenseamn\u0103 ani de munc\u0103, de preg\u0103tire a proiectului \u0219i de implementare (&#8230;) \u0219i cred c\u0103 nimeni nu se a\u0219tepta ca un spital construit de la funda\u021bie s\u0103 fie gata \u00eentr-un an de zile&#8217;, a afirmat ministrul Investi\u021biilor \u0219i Fondurilor Europene.<\/p>\n<p>Marcel Bolo\u0219 a fost invitat, mar\u021bi, la Comisia pentru afaceri europene din Camera Deputa\u021bilor, pentru a prezenta stadiul negocierilor \u0219i al propunerilor de modificare a PNRR.<\/p>","protected":false},"excerpt":{"rendered":"<p>Ministrul Investi\u021biilor \u0219i Proiectelor Europene, Marcel Bolo\u0219, a declarat mar\u021bi, 1 aprilie 2025, c\u0103, \u00een&hellip;<\/p>\n","protected":false},"author":0,"featured_media":44248,"comment_status":"open","ping_status":"open","sticky":false,"template":"","format":"standard","meta":{"footnotes":""},"categories":[2],"tags":[],"class_list":["post-44247","post","type-post","status-publish","format-standard","has-post-thumbnail","hentry","category-actual"],"_links":{"self":[{"href":"https:\/\/247stiri.ro\/index.php\/wp-json\/wp\/v2\/posts\/44247","targetHints":{"allow":["GET"]}}],"collection":[{"href":"https:\/\/247stiri.ro\/index.php\/wp-json\/wp\/v2\/posts"}],"about":[{"href":"https:\/\/247stiri.ro\/index.php\/wp-json\/wp\/v2\/types\/post"}],"replies":[{"embeddable":true,"href":"https:\/\/247stiri.ro\/index.php\/wp-json\/wp\/v2\/comments?post=44247"}],"version-history":[{"count":0,"href":"https:\/\/247stiri.ro\/index.php\/wp-json\/wp\/v2\/posts\/44247\/revisions"}],"wp:featuredmedia":[{"embeddable":true,"href":"https:\/\/247stiri.ro\/index.php\/wp-json\/wp\/v2\/media\/44248"}],"wp:attachment":[{"href":"https:\/\/247stiri.ro\/index.php\/wp-json\/wp\/v2\/media?parent=44247"}],"wp:term":[{"taxonomy":"category","embeddable":true,"href":"https:\/\/247stiri.ro\/index.php\/wp-json\/wp\/v2\/categories?post=44247"},{"taxonomy":"post_tag","embeddable":true,"href":"https:\/\/247stiri.ro\/index.php\/wp-json\/wp\/v2\/tags?post=44247"}],"curies":[{"name":"wp","href":"https:\/\/api.w.org\/{rel}","templated":true}]}}