{"id":44249,"date":"2025-04-01T15:44:57","date_gmt":"2025-04-01T15:44:57","guid":{"rendered":"https:\/\/247stiri.ro\/index.php\/2025\/04\/01\/barbat-cercetat-dupa-ce-l-a-luat-la-bataie-pe-un-altul-pe-peronul-de-metrou\/"},"modified":"2025-04-01T15:44:57","modified_gmt":"2025-04-01T15:44:57","slug":"barbat-cercetat-dupa-ce-l-a-luat-la-bataie-pe-un-altul-pe-peronul-de-metrou","status":"publish","type":"post","link":"https:\/\/247stiri.ro\/index.php\/2025\/04\/01\/barbat-cercetat-dupa-ce-l-a-luat-la-bataie-pe-un-altul-pe-peronul-de-metrou\/","title":{"rendered":"B\u0103rbat cercetat dup\u0103 ce l-a luat la b\u0103taie pe un altul, pe peronul de metrou"},"content":{"rendered":"<p>\u201dLa data de 30 martie 2025, poli\u0163i\u015fti din cadrul Direc\u0163iei Generale de Poli\u0163ie a Municipiului Bucure\u015fti- Brigada de Poli\u0163ie pentru Transportul Public au fost sesiza\u0163i, prin apel 112, cu privire la faptul c\u0103 la o sta\u0163ie de metrou, din Sectorul 4, ar avea loc un conflict \u00eentre doua persoane. La fa\u0163a locului s-au deplasat cu operativitate poli\u0163i\u015fti din cadrul structurii care au constatat faptul c\u0103 un b\u0103rbat ar fi fost agresat fizic de c\u0103tre un alt b\u0103rbat\u201d, a transmis, mar\u0163i, Poli\u0163ia Capitalei.<\/p>\n<p>Sursa citat\u0103 a precizat c\u0103 a fost identificat agresorul, \u00een persoana unui b\u0103rbat \u00een v\u00e2rst\u0103 de 40 de ani care avea un comportament agresiv.<\/p>\n<p>\u201dAcesta a fost imobilizat, cu respectarea dispozi\u0163iilor legale \u015fi transportat la o unitate medical\u0103 de specialitate, pentru \u00eengrijiri suplimentare, unde a r\u0103mas internat. De asemenea, persoana v\u0103t\u0103mat\u0103 nu a dorit \u00eengrijiri medicale, rezerv\u00e2ndu-\u015fi dreptul de a depune pl\u00e2ngere cu privire la cele sesizate. Totodat\u0103, a refuzat \u00eentocmirea formularului de evaluare a riscului, \u015fi, implicit, emiterea unui ordin de protec\u0163ie provizoriu extins, prev\u0103zut de Legea 26\/2024\u201d, a mai transmis sursa citat\u0103.<\/p>\n<p>Cercet\u0103rile sunt continuate, din oficiu, de c\u0103tre poli\u0163i\u015fti din cadrul Brig\u0103zii de Poli\u0163ie pentru Transportul Public, sub supravegherea Parchetului de pe l\u00e2ng\u0103 Judec\u0103toria Sectorului 4, sub aspectul s\u0103v\u00e2r\u015firii infrac\u0163iunii de lovire sau alte violen\u0163e.<\/p>","protected":false},"excerpt":{"rendered":"<p>\u201dLa data de 30 martie 2025, poli\u0163i\u015fti din cadrul Direc\u0163iei Generale de Poli\u0163ie a Municipiului&hellip;<\/p>\n","protected":false},"author":0,"featured_media":44250,"comment_status":"open","ping_status":"open","sticky":false,"template":"","format":"standard","meta":{"footnotes":""},"categories":[2],"tags":[],"class_list":["post-44249","post","type-post","status-publish","format-standard","has-post-thumbnail","hentry","category-actual"],"_links":{"self":[{"href":"https:\/\/247stiri.ro\/index.php\/wp-json\/wp\/v2\/posts\/44249","targetHints":{"allow":["GET"]}}],"collection":[{"href":"https:\/\/247stiri.ro\/index.php\/wp-json\/wp\/v2\/posts"}],"about":[{"href":"https:\/\/247stiri.ro\/index.php\/wp-json\/wp\/v2\/types\/post"}],"replies":[{"embeddable":true,"href":"https:\/\/247stiri.ro\/index.php\/wp-json\/wp\/v2\/comments?post=44249"}],"version-history":[{"count":0,"href":"https:\/\/247stiri.ro\/index.php\/wp-json\/wp\/v2\/posts\/44249\/revisions"}],"wp:featuredmedia":[{"embeddable":true,"href":"https:\/\/247stiri.ro\/index.php\/wp-json\/wp\/v2\/media\/44250"}],"wp:attachment":[{"href":"https:\/\/247stiri.ro\/index.php\/wp-json\/wp\/v2\/media?parent=44249"}],"wp:term":[{"taxonomy":"category","embeddable":true,"href":"https:\/\/247stiri.ro\/index.php\/wp-json\/wp\/v2\/categories?post=44249"},{"taxonomy":"post_tag","embeddable":true,"href":"https:\/\/247stiri.ro\/index.php\/wp-json\/wp\/v2\/tags?post=44249"}],"curies":[{"name":"wp","href":"https:\/\/api.w.org\/{rel}","templated":true}]}}