{"id":44262,"date":"2025-04-01T16:44:49","date_gmt":"2025-04-01T16:44:49","guid":{"rendered":"https:\/\/247stiri.ro\/index.php\/2025\/04\/01\/alcoolul-i-a-luat-mintile-un-barbat-si-a-batut-sotia-si-soacra-iar-mai-apoi-a-amenintat-un-politist-individul-a-fost-arestat-preventiv\/"},"modified":"2025-04-01T16:44:49","modified_gmt":"2025-04-01T16:44:49","slug":"alcoolul-i-a-luat-mintile-un-barbat-si-a-batut-sotia-si-soacra-iar-mai-apoi-a-amenintat-un-politist-individul-a-fost-arestat-preventiv","status":"publish","type":"post","link":"https:\/\/247stiri.ro\/index.php\/2025\/04\/01\/alcoolul-i-a-luat-mintile-un-barbat-si-a-batut-sotia-si-soacra-iar-mai-apoi-a-amenintat-un-politist-individul-a-fost-arestat-preventiv\/","title":{"rendered":"Alcoolul i-a luat min\u021bile! Un b\u0103rbat \u0219i-a b\u0103tut so\u021bia \u0219i soacra, iar mai apoi a amenin\u021bat un poli\u021bist. Individul a fost arestat preventiv"},"content":{"rendered":"<p>Inspectoratul de Poli\u0163ie Jude\u0163ean Dolj a anun\u0163at c\u0103 poli\u0163i\u015ftii au fost sesiza\u0163i mar\u021bi, 1 aprilie, de o t\u00e2n\u0103r\u0103 din comuna Argetoaia, cu privire la faptul c\u0103 tat\u0103l s\u0103u, un b\u0103rbat de 56 de ani, ar fi p\u0103truns \u00een curtea locuin\u0163ei sale, \u00een stare avansat\u0103 de ebrietate, unde le-ar fi <a href=\"https:\/\/www.realitatea.net\/stiri\/actual\/socant-copila-de-14-ani-batuta-de-parintii-suparati-ca-echipa-odraslelor-lor-a-pierdut-meciul-de-fotbal_67e8668424857722e7039282\" target=\"_blank\">agresat fizic <\/a>pe mama \u015fi bunica sa, dou\u0103 femei de 44 \u015fi 81 de ani.\u00a0<\/p>\n<p>La scurt timp de la formarea apelului, poli\u021bi\u0219tii ajun\u0219i la fa\u021ba locului au constatat c\u0103 sesizarea se confirm\u0103, b\u0103rbatul de 56 de ani fiind identificat \u015fi preluat pentru a fi dus la sediul Poli\u0163iei.<\/p>\n<p>Pe numele acestuia a fost deschis dosar penal pentru violen\u0163\u0103 \u00een familie, fiind emis \u015fi ordin de protec\u0163ie provizoriu pentru cinci zile.<\/p>\n<p>De asemenea, b\u0103rbatul este acuzat c\u0103, pe parcursul deplas\u0103rii c\u0103tre sediul poli\u0163iei, ar fi adresat amenin\u0163\u0103ri la adresa unuia dintre poli\u0163i\u015fti.\u00a0<\/p>\n<p>Individul de 56 de ani a fost re\u0163inut pentru 24 de ore pentru ultraj, fiind apoi a fost prezentat instan\u0163ei care a dispus arestarea sa preventiv\u0103 pentru 30 de zile.<\/p>","protected":false},"excerpt":{"rendered":"<p>Inspectoratul de Poli\u0163ie Jude\u0163ean Dolj a anun\u0163at c\u0103 poli\u0163i\u015ftii au fost sesiza\u0163i mar\u021bi, 1 aprilie,&hellip;<\/p>\n","protected":false},"author":0,"featured_media":44263,"comment_status":"open","ping_status":"open","sticky":false,"template":"","format":"standard","meta":{"footnotes":""},"categories":[2],"tags":[],"class_list":["post-44262","post","type-post","status-publish","format-standard","has-post-thumbnail","hentry","category-actual"],"_links":{"self":[{"href":"https:\/\/247stiri.ro\/index.php\/wp-json\/wp\/v2\/posts\/44262","targetHints":{"allow":["GET"]}}],"collection":[{"href":"https:\/\/247stiri.ro\/index.php\/wp-json\/wp\/v2\/posts"}],"about":[{"href":"https:\/\/247stiri.ro\/index.php\/wp-json\/wp\/v2\/types\/post"}],"replies":[{"embeddable":true,"href":"https:\/\/247stiri.ro\/index.php\/wp-json\/wp\/v2\/comments?post=44262"}],"version-history":[{"count":0,"href":"https:\/\/247stiri.ro\/index.php\/wp-json\/wp\/v2\/posts\/44262\/revisions"}],"wp:featuredmedia":[{"embeddable":true,"href":"https:\/\/247stiri.ro\/index.php\/wp-json\/wp\/v2\/media\/44263"}],"wp:attachment":[{"href":"https:\/\/247stiri.ro\/index.php\/wp-json\/wp\/v2\/media?parent=44262"}],"wp:term":[{"taxonomy":"category","embeddable":true,"href":"https:\/\/247stiri.ro\/index.php\/wp-json\/wp\/v2\/categories?post=44262"},{"taxonomy":"post_tag","embeddable":true,"href":"https:\/\/247stiri.ro\/index.php\/wp-json\/wp\/v2\/tags?post=44262"}],"curies":[{"name":"wp","href":"https:\/\/api.w.org\/{rel}","templated":true}]}}