{"id":44273,"date":"2025-04-01T18:45:48","date_gmt":"2025-04-01T18:45:48","guid":{"rendered":"https:\/\/247stiri.ro\/index.php\/2025\/04\/01\/ministrul-apararii-nu-vede-nicio-falie-intre-statele-unite-si-europa-nu-se-retrag-trupe-si-nu-se-reamplaseaza\/"},"modified":"2025-04-01T18:45:48","modified_gmt":"2025-04-01T18:45:48","slug":"ministrul-apararii-nu-vede-nicio-falie-intre-statele-unite-si-europa-nu-se-retrag-trupe-si-nu-se-reamplaseaza","status":"publish","type":"post","link":"https:\/\/247stiri.ro\/index.php\/2025\/04\/01\/ministrul-apararii-nu-vede-nicio-falie-intre-statele-unite-si-europa-nu-se-retrag-trupe-si-nu-se-reamplaseaza\/","title":{"rendered":"Ministrul Ap\u0103r\u0103rii nu vede nicio falie \u00eentre Statele Unite \u0219i Europa: \u201eNu se retrag trupe \u0219i nu se reamplaseaz\u0103\u201d"},"content":{"rendered":"<p>Angel T\u00eelv\u0103r a vorbit, \u00eentr-un interviu difuzat, mar\u0163i, la un post TV, despre situa\u0163ia interna\u0163ional\u0103 actual\u0103, \u00een contextul r\u0103zboiului din Ucraina, dar \u015fi al noii administra\u0163ii americane.<\/p>\n<p>\u201dNu putem vorbi de panic\u0103, pentru c\u0103 trebuie s\u0103 pornim de la premiza c\u0103 toate \u0163\u0103rile (\u2026) sunt de partea corect\u0103 a istoriei. Niciuna dintre aceste \u0163\u0103ri nu au avut ezit\u0103ri \u00een condamnarea agresiunii Rusiei asupra Ucrainei, pe de-o parte \u015fi \u00een ceea ce prive\u015fte sprijinul pentru aceast\u0103 \u0163ar\u0103. N-a\u015f vorbi de panic\u0103, evident c\u0103 noua administra\u0163ie \u00ee\u015fi pune amprenta propriei viziuni, inclusiv asupra acestui domeniu\u201d, a declarat ministrul Ap\u0103r\u0103rii.<\/p>\n<p>Acesta a precizat c\u0103 parte din lcururile transmise de andministra\u0163ia Trump \u201dsunt lucruri pe care \u015fi Europa le-a \u00eensu\u015fit \u015fi le-a \u00eemp\u0103rt\u0103\u015fit \u015fi anume c\u0103 este nevoie de o implicare mai mare a Europei \u00een ceea ce prive\u015fte ap\u0103rarea comun\u0103\u201d.<\/p>\n<p>\u201dRom\u00e2nia de mai mult\u0103 vreme a atins dezideratul formulat de mai mult\u0103 vreme vizavi de 2% din PIB, ceea ce nu a fost un lucru r\u0103u, pentru c\u0103 avem posibilitatea, ca acum, s\u0103 avem echipamente pe care ne-ar fi fost foarte greu s\u0103 le avem dac\u0103 am \u00eenceput acum procesul de negociere \u015fi de achizi\u0163ionare\u201d, a mai declarat ministrul Ap\u0103r\u0103rii.<\/p>\n<p>\u00centrebat dac\u0103 europenii ar trebui s\u0103 se preg\u0103teasc\u0103 ca America s\u0103-\u015fi ia m\u00e2inile de pe Europa, Angel T\u00eelv\u0103r a afirmat: \u201dNu, nu, pentru c\u0103 este evident c\u0103 exist\u0103 o complementaritate \u00eemp\u0103rt\u0103\u015fit\u0103 de toat\u0103 lumea, \u00eentre Europa \u015fi America (\u2026) Nu exist\u0103 din acest punct de vedere niciun soi de falie \u00eentre Europa \u015fi Statele Unite, este evident c\u0103 Europa \u00ee\u015fi va asuma o r\u0103spundere mai mare \u00een ceea ce prive\u015fte ap\u0103rarea, a\u015fa cum este evident c\u0103 aceast\u0103 colaborare transatlantic\u0103 va continua, f\u0103r\u0103 niciun fel de&#8230;\u201d.<\/p>\n<p>\u00centrebat, de asemenea, dac\u0103 a avut contacte cu o noua administra\u0163ie american\u0103, ministrul AP\u0103r\u0103rii a afirmat: \u201dS\u0103pt\u0103m\u00e2na trecut\u0103 am discutat cu pre\u015fedintele Comisiei de Ap\u0103rare din Senat \u015fi am avut o discu\u0163ie c\u00e2t se poate de normal\u0103 \u015fi de&#8230; Nu a ap\u0103rut pe parcursul discu\u0163iei niciunul din elementele la care f\u0103cea\u0163i trimitere vizavi de retragere sau reamplasare\u201d.<\/p>","protected":false},"excerpt":{"rendered":"<p>Angel T\u00eelv\u0103r a vorbit, \u00eentr-un interviu difuzat, mar\u0163i, la un post TV, despre situa\u0163ia interna\u0163ional\u0103&hellip;<\/p>\n","protected":false},"author":0,"featured_media":44274,"comment_status":"open","ping_status":"open","sticky":false,"template":"","format":"standard","meta":{"footnotes":""},"categories":[2],"tags":[],"class_list":["post-44273","post","type-post","status-publish","format-standard","has-post-thumbnail","hentry","category-actual"],"_links":{"self":[{"href":"https:\/\/247stiri.ro\/index.php\/wp-json\/wp\/v2\/posts\/44273","targetHints":{"allow":["GET"]}}],"collection":[{"href":"https:\/\/247stiri.ro\/index.php\/wp-json\/wp\/v2\/posts"}],"about":[{"href":"https:\/\/247stiri.ro\/index.php\/wp-json\/wp\/v2\/types\/post"}],"replies":[{"embeddable":true,"href":"https:\/\/247stiri.ro\/index.php\/wp-json\/wp\/v2\/comments?post=44273"}],"version-history":[{"count":0,"href":"https:\/\/247stiri.ro\/index.php\/wp-json\/wp\/v2\/posts\/44273\/revisions"}],"wp:featuredmedia":[{"embeddable":true,"href":"https:\/\/247stiri.ro\/index.php\/wp-json\/wp\/v2\/media\/44274"}],"wp:attachment":[{"href":"https:\/\/247stiri.ro\/index.php\/wp-json\/wp\/v2\/media?parent=44273"}],"wp:term":[{"taxonomy":"category","embeddable":true,"href":"https:\/\/247stiri.ro\/index.php\/wp-json\/wp\/v2\/categories?post=44273"},{"taxonomy":"post_tag","embeddable":true,"href":"https:\/\/247stiri.ro\/index.php\/wp-json\/wp\/v2\/tags?post=44273"}],"curies":[{"name":"wp","href":"https:\/\/api.w.org\/{rel}","templated":true}]}}