{"id":44286,"date":"2025-04-01T19:44:56","date_gmt":"2025-04-01T19:44:56","guid":{"rendered":"https:\/\/247stiri.ro\/index.php\/2025\/04\/01\/stegarul-dac-plasat-sub-control-judiciar-pentru-60-de-zile-ce-obligatii-are-in-aceasta-perioada\/"},"modified":"2025-04-01T19:44:56","modified_gmt":"2025-04-01T19:44:56","slug":"stegarul-dac-plasat-sub-control-judiciar-pentru-60-de-zile-ce-obligatii-are-in-aceasta-perioada","status":"publish","type":"post","link":"https:\/\/247stiri.ro\/index.php\/2025\/04\/01\/stegarul-dac-plasat-sub-control-judiciar-pentru-60-de-zile-ce-obligatii-are-in-aceasta-perioada\/","title":{"rendered":"Stegarul dac, plasat sub control judiciar pentru 60 de zile. Ce obliga\u021bii are \u00een aceast\u0103 perioad\u0103"},"content":{"rendered":"<p>Anun\u021bul a fost f\u0103cut mar\u021bi sear\u0103, de Direc\u021bia General\u0103 de Poli\u021bie a Municipiului Bucure\u0219ti, care a men\u021bionat c\u0103 odat\u0103 cu dispunerea m\u0103surii controlului judiciar stegarul dac este obligat s\u0103 poarte un dispozitiv de monitorizare electronic\u0103.\u00a0<\/p>\n<p>\u201dAst\u0103zi, 1 aprilie 2025, fa\u021b\u0103 de b\u0103rbatul, \u00een v\u00e2rst\u0103 de 58 de ani, care la data de 31 martie 2025, a \u00eempins un jandarm din cadrul Direc\u021biei Generale de Jandarmi a Municipiului Bucure\u0219ti, dup\u0103 ce i s-a restric\u021bionat accesul \u00een zona Arestului Central al Poli\u021biei Capitalei, a fost dispus\u0103 m\u0103sura controlului judiciar pentru 60 de zile, pentru s\u0103v\u00e2r\u0219irea infrac\u021biunii de ultraj, de c\u0103tre un procuror din cadrul Parchetului de pe l\u00e2ng\u0103 Judec\u0103toria Sectorului 1, care instrumenteaz\u0103 cauza penal\u0103.<\/p>\n<p>Facem precizarea c\u0103 odat\u0103 cu dispunerea acestei m\u0103suri, b\u0103rbatul are printre obliga\u021biile impuse s\u0103 nu participe la adun\u0103ri publice, s\u0103 nu se apropie de zona Arestului Central al Poli\u021biei Capitalei \u0219i s\u0103 poarte dispozitiv de monitorizare electronic\u0103\u201d, a transmis Direc\u021bia General\u0103 de Poli\u021bie a Municipiului Bucure\u0219ti.<\/p>","protected":false},"excerpt":{"rendered":"<p>Anun\u021bul a fost f\u0103cut mar\u021bi sear\u0103, de Direc\u021bia General\u0103 de Poli\u021bie a Municipiului Bucure\u0219ti, care&hellip;<\/p>\n","protected":false},"author":0,"featured_media":44287,"comment_status":"open","ping_status":"open","sticky":false,"template":"","format":"standard","meta":{"footnotes":""},"categories":[2],"tags":[],"class_list":["post-44286","post","type-post","status-publish","format-standard","has-post-thumbnail","hentry","category-actual"],"_links":{"self":[{"href":"https:\/\/247stiri.ro\/index.php\/wp-json\/wp\/v2\/posts\/44286","targetHints":{"allow":["GET"]}}],"collection":[{"href":"https:\/\/247stiri.ro\/index.php\/wp-json\/wp\/v2\/posts"}],"about":[{"href":"https:\/\/247stiri.ro\/index.php\/wp-json\/wp\/v2\/types\/post"}],"replies":[{"embeddable":true,"href":"https:\/\/247stiri.ro\/index.php\/wp-json\/wp\/v2\/comments?post=44286"}],"version-history":[{"count":0,"href":"https:\/\/247stiri.ro\/index.php\/wp-json\/wp\/v2\/posts\/44286\/revisions"}],"wp:featuredmedia":[{"embeddable":true,"href":"https:\/\/247stiri.ro\/index.php\/wp-json\/wp\/v2\/media\/44287"}],"wp:attachment":[{"href":"https:\/\/247stiri.ro\/index.php\/wp-json\/wp\/v2\/media?parent=44286"}],"wp:term":[{"taxonomy":"category","embeddable":true,"href":"https:\/\/247stiri.ro\/index.php\/wp-json\/wp\/v2\/categories?post=44286"},{"taxonomy":"post_tag","embeddable":true,"href":"https:\/\/247stiri.ro\/index.php\/wp-json\/wp\/v2\/tags?post=44286"}],"curies":[{"name":"wp","href":"https:\/\/api.w.org\/{rel}","templated":true}]}}