{"id":44295,"date":"2025-04-01T20:45:00","date_gmt":"2025-04-01T20:45:00","guid":{"rendered":"https:\/\/247stiri.ro\/index.php\/2025\/04\/01\/valentin-jucan-noi-explicatii-aberante-de-la-cna-in-scandalul-postarii-lui-marius-tuca-eu-raspund-cum-consider-de-cuviinta-video\/"},"modified":"2025-04-01T20:45:00","modified_gmt":"2025-04-01T20:45:00","slug":"valentin-jucan-noi-explicatii-aberante-de-la-cna-in-scandalul-postarii-lui-marius-tuca-eu-raspund-cum-consider-de-cuviinta-video","status":"publish","type":"post","link":"https:\/\/247stiri.ro\/index.php\/2025\/04\/01\/valentin-jucan-noi-explicatii-aberante-de-la-cna-in-scandalul-postarii-lui-marius-tuca-eu-raspund-cum-consider-de-cuviinta-video\/","title":{"rendered":"Valentin Jucan, noi explica\u021bii aberante de la CNA, \u00een scandalul post\u0103rii lui Marius Tuc\u0103: \u201eEu r\u0103spund cum consider de cuviin\u021b\u0103\u201d VIDEO"},"content":{"rendered":"<p>Valentin Jucan, \u00een direct la Realitatea PLUS:\u00a0<\/p>\n<p>\u201eTocmai intram \u00een cas\u0103, nu \u0219tiam c se dezbate acest subiect. Am transmis un pucnt d evedre \u00een care explic\u0103m care sunt motivele, \u00een leg\u0103tur\u0103 cu postarea domnului Tuc\u0103. CNA a respectat legea audiovizualului, a\u0219a cum se \u00eent\u00e2mpl\u0103 \u00een toat\u0103 Europa. Sunt convins c\u0103 domnul Tuc\u0103 \u0219tie cum ar fi trebuie s\u0103 reformuleze. Are experien\u021b\u0103. Noi am explicat cu manualul de jurnalism. Eu r\u0103spund cum consider de cuviin\u021b\u0103.<\/p>\n<p>Jucan \u00een interviu: \u201eCrede\u021bi c\u0103 ne putem g\u00e2ndi la respingerea proiectului CNA Politicienii pot s\u0103 spun\u0103 ce doresc. Noi, aici, discut\u0103m despre lege, despre deontologie, despre CEDO \u015fi discut\u0103m despre obliga\u0163iile pe care domnul Tuc\u0103 le are ca jurnalist. Dac\u0103 domnul Tuc\u0103 lucra la vulcanizare, undeva \u00een Dristor, \u015fi f\u0103cea un clip \u00een care spunea \u2018dom\u2019le au dat \u0103\u015ftia o lovitur\u0103 de stat\u2019 \u2013 era una. Dar, at\u00e2ta timp c\u00e2t jurnalistul, deci nu mecanicul auto, jurnalistul Marius Tuc\u0103 face afirma\u0163ia, care poate fi probat\u0103, \u2013 Biroul Electoral Central a dat o lovitur\u0103 de stat, o afirma\u0163ie care este sistematic repetat\u0103, este preg\u0103tit\u0103 \u015fi care are un impact clar \u00een sensul existen\u0163ei unor probe sau nu -, aici pentru noi nu este dubiu c\u0103 a fost o afirma\u0163ie. Afirma\u0163ia \u00een sine este \u015fi una fals\u0103, pentru c\u0103 Biroul Electoral Central, o institu\u0163ie reglementat\u0103 \u015fi protejat\u0103 de Constitu\u0163ia Rom\u00e2niei, a dat un verdict care a fost ulterior validat de Curtea Constitu\u0163ional\u0103, nu are cum s\u0103 dea o lovitur\u0103 de stat Constitu\u0163iei, care tocmai a spus c\u0103 are dreptate, deci statul s\u0103-\u015fi dea o lovitur\u0103 de stat sie\u015fiAici vreau s\u0103 fac o corectur\u0103, au fost foarte multe zone din politic\u0103 ce au spus \u2018CNA a dat jos o emisiune\u2019. Nu, e fals. Noi am dat jos un clip de trei minute. Noi nu am dat jos o emisiune. Jurnalistul Tuc\u0103 \u2013 pentru c\u0103 discut\u0103m despre un jurnalist, care are un public \u015fi care, prin urmare, are un impact \u2013 prezint\u0103 informa\u0163iile \u00een acel clip f\u0103r\u0103 nicio urm\u0103 de dubiu. Adic\u0103 nu doar c\u0103 aceasta este o afirma\u0163ie \u015fi nu o opinie, dar acestei afirma\u0163ii i se ofer\u0103 un suport explicativ care nu las\u0103 niciun dubiu celui care o ascult\u0103 c\u0103 nu ar fi adev\u0103rat. Ba, mai mult, jurnalistul nici m\u0103car nu a prezentat sau nu a \u00eencercat s\u0103 prezinte c\u0103 ar fi o opinie. \u015ei atunci s\u0103 aib\u0103 \u00een vedere eventualitatea ca lucrurile s\u0103 nu stea chiar a\u015fa: \u2018Ar fi o opinie, din analiza mea, dar lucrurile s-ar putea s\u0103 nu stea chiar a\u015fa\u2019. Deja eram \u00een cu totul \u015fi cu totul alt\u0103 zon\u0103.\u00a0Pot s\u0103 \u00een\u0163eleg c\u0103 politicienii au reac\u0163ionat emo\u0163ional, dar din aceast\u0103 reac\u0163ie eu pot s\u0103 \u00een\u0163eleg c\u0103 politicienii care au comentat pe marginea acestui subiect sunt aproape de acord cu lovitura de stat, c\u0103 e o opinie doar. M\u0103 rog\u201d, a declarat Jucan.<\/p>","protected":false},"excerpt":{"rendered":"<p>Valentin Jucan, \u00een direct la Realitatea PLUS:\u00a0 \u201eTocmai intram \u00een cas\u0103, nu \u0219tiam c se&hellip;<\/p>\n","protected":false},"author":0,"featured_media":44294,"comment_status":"open","ping_status":"open","sticky":false,"template":"","format":"standard","meta":{"footnotes":""},"categories":[2],"tags":[],"class_list":["post-44295","post","type-post","status-publish","format-standard","has-post-thumbnail","hentry","category-actual"],"_links":{"self":[{"href":"https:\/\/247stiri.ro\/index.php\/wp-json\/wp\/v2\/posts\/44295","targetHints":{"allow":["GET"]}}],"collection":[{"href":"https:\/\/247stiri.ro\/index.php\/wp-json\/wp\/v2\/posts"}],"about":[{"href":"https:\/\/247stiri.ro\/index.php\/wp-json\/wp\/v2\/types\/post"}],"replies":[{"embeddable":true,"href":"https:\/\/247stiri.ro\/index.php\/wp-json\/wp\/v2\/comments?post=44295"}],"version-history":[{"count":0,"href":"https:\/\/247stiri.ro\/index.php\/wp-json\/wp\/v2\/posts\/44295\/revisions"}],"wp:featuredmedia":[{"embeddable":true,"href":"https:\/\/247stiri.ro\/index.php\/wp-json\/wp\/v2\/media\/44294"}],"wp:attachment":[{"href":"https:\/\/247stiri.ro\/index.php\/wp-json\/wp\/v2\/media?parent=44295"}],"wp:term":[{"taxonomy":"category","embeddable":true,"href":"https:\/\/247stiri.ro\/index.php\/wp-json\/wp\/v2\/categories?post=44295"},{"taxonomy":"post_tag","embeddable":true,"href":"https:\/\/247stiri.ro\/index.php\/wp-json\/wp\/v2\/tags?post=44295"}],"curies":[{"name":"wp","href":"https:\/\/api.w.org\/{rel}","templated":true}]}}