{"id":44313,"date":"2025-04-02T04:45:30","date_gmt":"2025-04-02T04:45:30","guid":{"rendered":"https:\/\/247stiri.ro\/index.php\/2025\/04\/02\/sarbatoarea-zilei-2-aprilie-2025-un-important-sfant-este-praznuit-de-biserica\/"},"modified":"2025-04-02T04:45:30","modified_gmt":"2025-04-02T04:45:30","slug":"sarbatoarea-zilei-2-aprilie-2025-un-important-sfant-este-praznuit-de-biserica","status":"publish","type":"post","link":"https:\/\/247stiri.ro\/index.php\/2025\/04\/02\/sarbatoarea-zilei-2-aprilie-2025-un-important-sfant-este-praznuit-de-biserica\/","title":{"rendered":"S\u0103rb\u0103toarea zilei: 2 aprilie 2025. Un important sf\u00e2nt este pr\u0103znuit de biseric\u0103"},"content":{"rendered":"<p>S\u0103rb\u0103toare, 2 aprilie 2025<\/p>\n<p>Miercuri, 2 aprilie 2025, este pr\u0103znuit un sf\u00e2nt important, cu care oamenii, \u00een general, sunt mai pu\u021bin familiariza\u021bi. Cu toate acestea, este o s\u0103rb\u0103toare important\u0103 pentru crendinicio\u0219i.<\/p>\n<p>Cuviosul Tit a tr\u0103it \u00een timpul luptei \u00eempotriva icoanelor, secolul al IX-lea. Potrivit\u00a0<a href=\"https:\/\/www.crestinortodox.ro\/calendar-ortodox\/sfantul-cuvios-tit-facatorul-minuni-118390.html\">crestinortdox.ro<\/a>, Sf\u00e2ntul Tit s-a c\u0103lug\u0103rit de t\u00e2n\u0103r \u0219i a dob\u00e2ndit dou\u0103 virtu\u021bi mari: smerenia \u0219i ascultarea.<\/p>\n<p>Astfel, \u00een vremurile prigoanelor \u00eempotriva icoanelor \u0219i a cinstirii lor, Sf\u00e2ntul Tit a fost de neclintit, ca un adev\u0103rat St\u00e2lp al Ortodoxiei \u015fi al Bisericii lui Hristos. Prin urmare, pentru marea sa dragoste, smerenie \u015fi cur\u0103\u0163ie, Dumnezeu i-a d\u0103ruit darul facerii de minuni, at\u00e2t \u00een timpul vie\u0163ii, c\u00e2t \u015fi dup\u0103 moartea sa. Sf\u00e2ntul Cuvios Tit a adormit cu pace \u00een veacul al nou\u0103lea.<\/p>\n<p>De asemenea, tot miercuri, 2 aprilie 2025, se face pomenirea Sfin\u021bilor mucenici \u0219i fra\u021bi Amfian si Edesie, Sf\u00e2ntului Mucenic Policarp, Sf\u00e2ntului Grigorie din Nicomidia.<\/p>\n<p><a href=\"https:\/\/www.realitatea.net\/stiri\/lifestyle\/calendar-ortodox-2025-cele-mai-importante-sarbatori-ale-lunii-aprilie_67eba9e8ff41b27d8c59d7a2\" target=\"_blank\">Calendar ortodox 2025: cele mai importante s\u0103rb\u0103tori ale lunii aprilie<\/a><\/p>","protected":false},"excerpt":{"rendered":"<p>S\u0103rb\u0103toare, 2 aprilie 2025 Miercuri, 2 aprilie 2025, este pr\u0103znuit un sf\u00e2nt important, cu care&hellip;<\/p>\n","protected":false},"author":0,"featured_media":44307,"comment_status":"open","ping_status":"open","sticky":false,"template":"","format":"standard","meta":{"footnotes":""},"categories":[2],"tags":[],"class_list":["post-44313","post","type-post","status-publish","format-standard","has-post-thumbnail","hentry","category-actual"],"_links":{"self":[{"href":"https:\/\/247stiri.ro\/index.php\/wp-json\/wp\/v2\/posts\/44313","targetHints":{"allow":["GET"]}}],"collection":[{"href":"https:\/\/247stiri.ro\/index.php\/wp-json\/wp\/v2\/posts"}],"about":[{"href":"https:\/\/247stiri.ro\/index.php\/wp-json\/wp\/v2\/types\/post"}],"replies":[{"embeddable":true,"href":"https:\/\/247stiri.ro\/index.php\/wp-json\/wp\/v2\/comments?post=44313"}],"version-history":[{"count":0,"href":"https:\/\/247stiri.ro\/index.php\/wp-json\/wp\/v2\/posts\/44313\/revisions"}],"wp:featuredmedia":[{"embeddable":true,"href":"https:\/\/247stiri.ro\/index.php\/wp-json\/wp\/v2\/media\/44307"}],"wp:attachment":[{"href":"https:\/\/247stiri.ro\/index.php\/wp-json\/wp\/v2\/media?parent=44313"}],"wp:term":[{"taxonomy":"category","embeddable":true,"href":"https:\/\/247stiri.ro\/index.php\/wp-json\/wp\/v2\/categories?post=44313"},{"taxonomy":"post_tag","embeddable":true,"href":"https:\/\/247stiri.ro\/index.php\/wp-json\/wp\/v2\/tags?post=44313"}],"curies":[{"name":"wp","href":"https:\/\/api.w.org\/{rel}","templated":true}]}}