{"id":44325,"date":"2025-04-02T05:45:16","date_gmt":"2025-04-02T05:45:16","guid":{"rendered":"https:\/\/247stiri.ro\/index.php\/2025\/04\/02\/medicii-incearca-sa-i-reconstruiasca-fata-salvamontistului-atacat-de-urs-in-predeal\/"},"modified":"2025-04-02T05:45:16","modified_gmt":"2025-04-02T05:45:16","slug":"medicii-incearca-sa-i-reconstruiasca-fata-salvamontistului-atacat-de-urs-in-predeal","status":"publish","type":"post","link":"https:\/\/247stiri.ro\/index.php\/2025\/04\/02\/medicii-incearca-sa-i-reconstruiasca-fata-salvamontistului-atacat-de-urs-in-predeal\/","title":{"rendered":"Medicii \u00eencearc\u0103 s\u0103-i reconstruiasc\u0103 fa\u021ba salvamontistului atacat de urs \u00een Predeal"},"content":{"rendered":"<p>Atacul asupra salvamontistului s-a produs \u00eentr-o zon\u0103 cu blocuri, hoteluri \u0219i pensiuni din sudul sta\u021biunii. Ursoaica, cel mai probabil \u00eenso\u021bit\u0103 de pui, a cobor\u00e2t din p\u0103dure \u00een c\u0103utare de hran\u0103. \u021aipetele b\u0103rbatului atacat au alarmat localnicii, care au sunat imediat la 112.\u00a0<\/p>\n<p>La sosirea echipajelor medicale, b\u0103rbatul era incon\u0219tient \u0219i avea r\u0103ni severe. Potrivit medicilor, b\u0103rbatul este ventilat mecanic, instabil. Speciali\u0219tii nu pot spune cu certitudine dac\u0103 pacientul \u00ee\u0219i va reveni sau nu.<\/p>\n<p><a href=\"https:\/\/www.realitatea.net\/stiri\/actual\/barbatul-atacat-de-urs-in-predeal-este-seful-salvamont-din-statiunea-montana-noi-informatii-despre-teribilul-incident_67ea2ddef808eb48b23144c2\" target=\"_blank\">B\u0103rbatul atacat de urs \u00een Predeal este \u0219eful Salvamont din sta\u021biunea montan\u0103. Noi informa\u021bii despre teribilul incident<\/a><\/p>\n<p>La \u00eenceputul lunii februarie, conducerea Prim\u0103riei Predeal a semnat un contract de aproape 250.000 de lei cu Regia P\u0103durilor din Bra\u0219ov pentru rezolvarea problemei ur\u0219ilor. Animalele h\u0103mesite sunt v\u0103zute \u0219i \u00een alte sta\u021biuni de pe Valea Prahovei. Cele mai multe incidente au fost semnalate \u00een Bu\u0219teni \u0219i Sinaia.<\/p>\n<p>Ministrul Mediului, Mircea Fechet, a reac\u021bionat dup\u0103 incident \u0219i a afirmat c\u0103 metodele folosite p\u00e2n\u0103 acum, precum alungarea sau relocarea ur\u0219ilor, nu au dat rezultate suficiente. Acesta a declarat c\u0103 ur\u0219ii care se apropie sau intr\u0103 \u00een zonele intravilane trebuie s\u0103 fie \u00eempu\u0219ca\u021bi. Ministrul a ad\u0103ugat c\u0103 urm\u0103torul pas ar putea fi scoaterea ur\u0219ilor de pe lista speciilor strict protejate \u00een Rom\u00e2nia.\u00a0<\/p>","protected":false},"excerpt":{"rendered":"<p>Atacul asupra salvamontistului s-a produs \u00eentr-o zon\u0103 cu blocuri, hoteluri \u0219i pensiuni din sudul sta\u021biunii.&hellip;<\/p>\n","protected":false},"author":0,"featured_media":44326,"comment_status":"open","ping_status":"open","sticky":false,"template":"","format":"standard","meta":{"footnotes":""},"categories":[2],"tags":[],"class_list":["post-44325","post","type-post","status-publish","format-standard","has-post-thumbnail","hentry","category-actual"],"_links":{"self":[{"href":"https:\/\/247stiri.ro\/index.php\/wp-json\/wp\/v2\/posts\/44325","targetHints":{"allow":["GET"]}}],"collection":[{"href":"https:\/\/247stiri.ro\/index.php\/wp-json\/wp\/v2\/posts"}],"about":[{"href":"https:\/\/247stiri.ro\/index.php\/wp-json\/wp\/v2\/types\/post"}],"replies":[{"embeddable":true,"href":"https:\/\/247stiri.ro\/index.php\/wp-json\/wp\/v2\/comments?post=44325"}],"version-history":[{"count":0,"href":"https:\/\/247stiri.ro\/index.php\/wp-json\/wp\/v2\/posts\/44325\/revisions"}],"wp:featuredmedia":[{"embeddable":true,"href":"https:\/\/247stiri.ro\/index.php\/wp-json\/wp\/v2\/media\/44326"}],"wp:attachment":[{"href":"https:\/\/247stiri.ro\/index.php\/wp-json\/wp\/v2\/media?parent=44325"}],"wp:term":[{"taxonomy":"category","embeddable":true,"href":"https:\/\/247stiri.ro\/index.php\/wp-json\/wp\/v2\/categories?post=44325"},{"taxonomy":"post_tag","embeddable":true,"href":"https:\/\/247stiri.ro\/index.php\/wp-json\/wp\/v2\/tags?post=44325"}],"curies":[{"name":"wp","href":"https:\/\/api.w.org\/{rel}","templated":true}]}}