{"id":44357,"date":"2025-04-02T06:44:54","date_gmt":"2025-04-02T06:44:54","guid":{"rendered":"https:\/\/247stiri.ro\/index.php\/2025\/04\/02\/incident-grav-la-rafinaria-petrotel-ploiesti-din-cauza-unei-pene-de-energie-in-sistemul-national-video\/"},"modified":"2025-04-02T06:44:54","modified_gmt":"2025-04-02T06:44:54","slug":"incident-grav-la-rafinaria-petrotel-ploiesti-din-cauza-unei-pene-de-energie-in-sistemul-national-video","status":"publish","type":"post","link":"https:\/\/247stiri.ro\/index.php\/2025\/04\/02\/incident-grav-la-rafinaria-petrotel-ploiesti-din-cauza-unei-pene-de-energie-in-sistemul-national-video\/","title":{"rendered":"Incident grav la rafinaria Petrotel Ploie\u0219ti, din cauza unei pene de energie \u00een sistemul na\u021bional &#8211; VIDEO"},"content":{"rendered":"<p>Din cauza defec\u021biunii, a fost necesar\u0103 arderea unei cantit\u0103\u021bi mari de gaze pe facl\u0103, lucru vizibil din mai multe zone ale Ploie\u0219tiului, potrivit <a href=\"https:\/\/www.observatorulph.ro\/eveniment\/2751633-incident-la-rafinaria-petrotel-lukoil-live?utm_source%3DNotificari%26utm_campaign%3DOS%26utm_medium%3DBrowser%26utm_content%3DArticol\" target=\"_blank\">Observatorul Prahovean.<\/a>\u00a0Reprezentan\u021bilor rafin\u0103riei au transmis c\u0103 arderea se desf\u0103\u0219oar\u0103 \u00een condi\u021bii de siguran\u021b\u0103.<\/p>\n<p>Mar\u021bi, Re\u021bele Electrice Muntenia a anun\u021bat c\u0103 o serie de consumatorii din Bucure\u0219ti \u0219i T\u00e2rgovi\u0219te, precum \u0219i cei din localit\u0103\u021bi din jude\u021bele Ilfov, Giurgiu \u0219i Timi\u0219 vor avea parte de \u00eentreruperi planificate ale aliment\u0103rii cu energie electric\u0103, \u00een intervalul 1 &#8211; 4 aprilie.\u00a0<\/p>\n\n<p>\u00a0F\u0103r\u0103 a fi clar dac\u0103 exist\u0103 o leg\u0103tur\u0103 sau nu cu acest incident, \u00een mai multe zone din Ploie\u0219ti aerul a devenit irespirabil, chiar dac\u0103 sta\u021biile de monitorizare nu arat\u0103 dep\u0103\u0219iri la indicatorii urm\u0103ri\u021bi.<\/p>","protected":false},"excerpt":{"rendered":"<p>Din cauza defec\u021biunii, a fost necesar\u0103 arderea unei cantit\u0103\u021bi mari de gaze pe facl\u0103, lucru&hellip;<\/p>\n","protected":false},"author":0,"featured_media":44358,"comment_status":"open","ping_status":"open","sticky":false,"template":"","format":"standard","meta":{"footnotes":""},"categories":[2],"tags":[],"class_list":["post-44357","post","type-post","status-publish","format-standard","has-post-thumbnail","hentry","category-actual"],"_links":{"self":[{"href":"https:\/\/247stiri.ro\/index.php\/wp-json\/wp\/v2\/posts\/44357","targetHints":{"allow":["GET"]}}],"collection":[{"href":"https:\/\/247stiri.ro\/index.php\/wp-json\/wp\/v2\/posts"}],"about":[{"href":"https:\/\/247stiri.ro\/index.php\/wp-json\/wp\/v2\/types\/post"}],"replies":[{"embeddable":true,"href":"https:\/\/247stiri.ro\/index.php\/wp-json\/wp\/v2\/comments?post=44357"}],"version-history":[{"count":0,"href":"https:\/\/247stiri.ro\/index.php\/wp-json\/wp\/v2\/posts\/44357\/revisions"}],"wp:featuredmedia":[{"embeddable":true,"href":"https:\/\/247stiri.ro\/index.php\/wp-json\/wp\/v2\/media\/44358"}],"wp:attachment":[{"href":"https:\/\/247stiri.ro\/index.php\/wp-json\/wp\/v2\/media?parent=44357"}],"wp:term":[{"taxonomy":"category","embeddable":true,"href":"https:\/\/247stiri.ro\/index.php\/wp-json\/wp\/v2\/categories?post=44357"},{"taxonomy":"post_tag","embeddable":true,"href":"https:\/\/247stiri.ro\/index.php\/wp-json\/wp\/v2\/tags?post=44357"}],"curies":[{"name":"wp","href":"https:\/\/api.w.org\/{rel}","templated":true}]}}