{"id":4436,"date":"2024-11-04T17:02:14","date_gmt":"2024-11-04T17:02:14","guid":{"rendered":"https:\/\/247stiri.ro\/index.php\/2024\/11\/04\/sondajul-franco-german-pentru-prezidentiale-locul-1-devine-clar-lupta-pentru-locul-2-se-duce-intre-3-candidati-cozmin-gusa\/"},"modified":"2024-11-04T17:02:14","modified_gmt":"2024-11-04T17:02:14","slug":"sondajul-franco-german-pentru-prezidentiale-locul-1-devine-clar-lupta-pentru-locul-2-se-duce-intre-3-candidati-cozmin-gusa","status":"publish","type":"post","link":"https:\/\/247stiri.ro\/index.php\/2024\/11\/04\/sondajul-franco-german-pentru-prezidentiale-locul-1-devine-clar-lupta-pentru-locul-2-se-duce-intre-3-candidati-cozmin-gusa\/","title":{"rendered":"\u201cSondajul franco-german\u201d pentru preziden\u021biale: locul 1 devine clar, lupta pentru locul 2 se duce \u00eentre 3 candida\u021bi!&#8221; &#8211; Cozmin Gu\u0219\u0103"},"content":{"rendered":"<p>&#8222;Reiau aici ce scriam mai devreme pe Facebook: A fost realizat \u00een perioada 21-29 octombrie, prin interviuri fa\u021b\u0103-n fa\u021b\u0103 cu 3012 subiec\u021bi, \u0219i am fost anun\u021bat c\u0103 va marca deosebiri mari fa\u021b\u0103 de precedentul publicat \u00een urm\u0103 cu dou\u0103 s\u0103pt\u0103m\u00e2ni, aferent perioadei de imediat dup\u0103 eliminarea lui \u0218o\u0219oac\u0103 din competi\u021bie.\u00a0Atunci poza era: Ciolacu 21%, Geoan\u0103 17%, ambii \u00een sc\u0103dere fa\u021b\u0103 de august, Simion 15%, Ciuc\u0103 13%, Lasconi 11%, to\u021bi trei \u00een cre\u0219tere fa\u021b\u0103 de august, respectiv Kelemen cu 7% \u0219i Diaconescu cu 4%, ceilal\u021bi neglijabili.\u00a0V\u0103 reamintesc c\u0103 acest sondaj franco-german este organizat \u00een anii electorali \u0219i pus la dispozi\u021bia ambasadelor occidentale de la Bucure\u0219ti, m-am convins de acurate\u021bea sa la alegerile din 2019 \u0219i 2020.\u201d, scrie Cozmin Gu\u0219\u0103.\u00a0Cite\u0219te continuarea pe <a href=\"https:\/\/solidnews.ro\/exclusiv-sondajul-franco-german-pentru-prezidentiale-locul-1-devine-clar-lupta-pentru-locul-2-se-duce-intre-3-candidati\/\" target=\"_blank\" rel=\"noopener\">Solid News.\u00a0<\/a><\/p>","protected":false},"excerpt":{"rendered":"<p>&#8222;Reiau aici ce scriam mai devreme pe Facebook: A fost realizat \u00een perioada 21-29 octombrie,&hellip;<\/p>\n","protected":false},"author":0,"featured_media":4427,"comment_status":"open","ping_status":"open","sticky":false,"template":"","format":"standard","meta":{"footnotes":""},"categories":[2],"tags":[],"class_list":["post-4436","post","type-post","status-publish","format-standard","has-post-thumbnail","hentry","category-actual"],"_links":{"self":[{"href":"https:\/\/247stiri.ro\/index.php\/wp-json\/wp\/v2\/posts\/4436","targetHints":{"allow":["GET"]}}],"collection":[{"href":"https:\/\/247stiri.ro\/index.php\/wp-json\/wp\/v2\/posts"}],"about":[{"href":"https:\/\/247stiri.ro\/index.php\/wp-json\/wp\/v2\/types\/post"}],"replies":[{"embeddable":true,"href":"https:\/\/247stiri.ro\/index.php\/wp-json\/wp\/v2\/comments?post=4436"}],"version-history":[{"count":0,"href":"https:\/\/247stiri.ro\/index.php\/wp-json\/wp\/v2\/posts\/4436\/revisions"}],"wp:featuredmedia":[{"embeddable":true,"href":"https:\/\/247stiri.ro\/index.php\/wp-json\/wp\/v2\/media\/4427"}],"wp:attachment":[{"href":"https:\/\/247stiri.ro\/index.php\/wp-json\/wp\/v2\/media?parent=4436"}],"wp:term":[{"taxonomy":"category","embeddable":true,"href":"https:\/\/247stiri.ro\/index.php\/wp-json\/wp\/v2\/categories?post=4436"},{"taxonomy":"post_tag","embeddable":true,"href":"https:\/\/247stiri.ro\/index.php\/wp-json\/wp\/v2\/tags?post=4436"}],"curies":[{"name":"wp","href":"https:\/\/api.w.org\/{rel}","templated":true}]}}