{"id":44372,"date":"2025-04-02T07:44:53","date_gmt":"2025-04-02T07:44:53","guid":{"rendered":"https:\/\/247stiri.ro\/index.php\/2025\/04\/02\/ion-iliescu-trimis-din-nou-in-judecata-in-dosarul-mineriadei\/"},"modified":"2025-04-02T07:44:53","modified_gmt":"2025-04-02T07:44:53","slug":"ion-iliescu-trimis-din-nou-in-judecata-in-dosarul-mineriadei","status":"publish","type":"post","link":"https:\/\/247stiri.ro\/index.php\/2025\/04\/02\/ion-iliescu-trimis-din-nou-in-judecata-in-dosarul-mineriadei\/","title":{"rendered":"Ion Iliescu, trimis din nou \u00een judecat\u0103, \u00een dosarul Mineriadei"},"content":{"rendered":"<p>De data aceasta, Ion Iliescu ajunge \u00een fa\u021ba judec\u0103torilor de la \u00cenalta Curte de Casa\u021bie \u0219i Justi\u021bie al\u0103turi de Petre Roman, Gelu Voican Voiculescu, Virgil M\u0103gureanu, Adrian S\u00e2rbu, Miron Cosma, dar si alti fo\u0219ti comandan\u021bi din cadrul lunit\u0103\u021bilor militare de la vremea respectiv\u0103.\u00a0<\/p>\n<p>Acestora le sunt aduse acuza\u021bii extrem de grave, printre care infrac\u021biuni \u00eempotriva umanit\u0103\u021bii\u00a0 iar pe seama ac\u021biunilor lor se pun moartea a patru persoane \u0219i v\u0103t\u0103marea a peste 1300 de persoane. De asemenea, procurorii de la Parchetul General mai spun c\u0103 1200 de persoane.au fost persecutate prin privarea dreptul fundamental la libertate \u0219i siguran\u021b\u0103 \u0219i restr\u00e2ngerea acestui drept pe motive de ordin politic.<\/p>\n<p>Decizia a fost comunicat\u0103 de c\u0103tre Ministerul Public:<\/p>\n<p>\u201eDosarul \u201cMineriada din 13 \u2013 15 iunie 1990\u201d &#8211; Trimitere \u00een judecat\u0103 sub aspectul s\u0103v\u00e2r\u0219irii de infrac\u021biuni contra umanit\u0103\u021bii\u00a0\u00cen continuarea comunicatelor de pres\u0103 din datele de 15 ianuarie 2025, 16 ianuarie 2025, 17 ianuarie 2025, 23 ianuarie 2025 \u0219i 29 ianuarie 2025, inform\u0103m:\u00a0Procurorul de caz din cadrul Sec\u021biei de parchetelor militare a Parchetului de pe l\u00e2ng\u0103 \u00cenalta Curte de Casa\u0163ie \u015fi Justi\u0163ie a dispus trimiterea \u00een judecat\u0103 a inculpa\u021bilor:\u00a0\u2022 Iliescu Ion, la data faptelor pre\u0219edinte al Consiliului Provizoriu de Uniune Na\u021bional\u0103 \u0219i pre\u0219edinte ales al Rom\u00e2niei,\u2022 Roman Petre, la data faptelor prim-ministru al Guvernului provizoriu al Rom\u00e2niei,\u2022 Voiculescu Gelu-Voican, la data faptelor viceprim-ministru al Guvernului provizoriu al Rom\u00e2niei,\u2022 M\u0103gureanu Virgil, la data faptelor director al Serviciului Rom\u00e2n de Informa\u021bii,\u2022 S\u00e2rbu Adrian, la data faptelor consilier al prim-ministrului Guvernului provizoriu,to\u021bi sub aspectul s\u0103v\u00e2r\u0219irii de infrac\u021biuni contra umanit\u0103\u021bii, \u00een variantele normative prev. de art. 439 alin. 1 lit. a) (4 subiec\u021bi pasivi secundari), lit. f) (2 subiec\u021bi pasivi secundari), lit. g) (1311 subiec\u021bi pasivi secundari ), lit. j) (1211 subiec\u021bi pasivi secundari) Cod penal, cu aplic. art. 5 Cod penal.\u2022 Cozma Miron, la data faptelor lider de sindicat,sub aspectul s\u0103v\u00e2r\u0219irii de infrac\u021biuni contra umanit\u0103\u021bii, \u00een variantele normative prev. de art. 439 alin. 1 lit. f) (doi subiec\u021bi pasivi secundari), lit. g) (800 subiec\u021bi pasivi secundari), lit. j) (715 subiec\u021bi pasivi secundari ) Cod penal, cu aplic. art. 5 Cod penal.\u2022 gl. (r) Dobrinoiu Vasile, la data faptelor comandant al \u015ecolii Militare Superioare de Ofi\u021beri a Ministerului de Interne,\u00a0 sub aspectul s\u0103v\u00e2r\u0219irii de infrac\u021biuni contra umanit\u0103\u021bii, \u00een variantele normative prev de art. 439 alin. 1 lit. f (1 subiect pasiv secundar), lit. g (417 subiec\u021bi pasivi secundari ), lit. j (417 subiec\u021bi pasivi secundari 7) Cod penal, cu aplic. art. 5 Cod penal.\u2022 col. (r) Peter Petre, la data faptelor comandant al Unit\u0103\u021bii Militare 0575 M\u0103gurele, apar\u021bin\u00e2nd Ministerului de Interne, sub aspectul de infrac\u021biuni contra umanit\u0103\u021bii, \u00een variantele normative prev de art. 439 alin. 1 lit. g (733 subiec\u021bi pasivi secundari), lit. j (733 subiec\u021bi pasivi secundari) Cod penal, cu aplic. art. 5 Cod penal.\u00a0<a title=\"Miron Cozma si Adrian Sarbu, URMARITI PENAL in Dosarul Mineriadei, pentru infractiuni contra umanitatii\" href=\"https:\/\/www.realitatea.net\/stiri\/justitie\/adrian-sarbu-si-miron-cozma-chemati-la-parchet-in-dosarul-mineriadei-infractiuni-contra-umanitatii_6789e848d40de23f4508a479\">Miron Cozma \u015fi Adrian S\u00e2rbu, URM\u0102RI\u021aI PENAL \u00een Dosarul Mineriadei, pentru infrac\u0163iuni contra umanit\u0103\u0163ii<\/a>\u00a0Din probatoriul administrat \u00een cauz\u0103 a reie\u0219it urm\u0103toarea situa\u021bie de fapt:\u00a0\u00cen luna iunie 1990, cei mai \u00eenal\u021bi factori decizionali \u00een statul rom\u00e2n la acel moment &#8211; Iliescu Ion, Roman Petre, Voiculescu Gelu-Voican, ajuta\u021bi de alte persoane apropiate puterii sau care o sprijineau, printre care M\u0103gureanu Virgil \u2013 directorul Serviciului Rom\u00e2n de Informa\u021bii, S\u00e2rbu Adrian \u2013 consilierul prim-ministrului, au lansat o politic\u0103 de represiune \u00eempotriva popula\u021biei civile din capital\u0103, \u00een urma c\u0103reia au fost ucise 4 persoane, 2 persoane au fost violate, s-a v\u0103t\u0103mat integritatea fizic\u0103 \u0219i\/sau psihic\u0103 a peste 1300 de persoane \u015fi au fost persecutate prin lipsirea nelegal\u0103 de libertate peste 1.200 de persoane.\u00a0\u00cencep\u00e2nd cu 22 aprilie 1990, \u00een Pia\u021ba Universit\u0103\u021bii din municipiul Bucure\u0219ti a avut loc o manifesta\u021bie ce s-a \u00eentins pe durata mai multor s\u0103pt\u0103m\u00e2ni, p\u00e2n\u0103 la data de 13 iunie 1990. Manifesta\u021bia avea caracterul unei opozi\u021bii la puterea nou instaurat\u0103 \u00een Rom\u00e2nia dup\u0103 Revolu\u0163ia din 1989, manifestan\u021bii solicit\u00e2nd verbal, prin comunicate \u0219i prin alte forme de protest ruperea de regimul comunist abia \u00eenlocuit \u00een decembrie 1989, promovarea unor persoane care nu aveau un trecut de activist de partid, \u00eenfiin\u021barea unei televiziuni libere \u0219i alte astfel de solicit\u0103ri de factur\u0103 democratic\u0103.\u00a0\u00cen acest context, Iliescu Ion, Roman Petre, Voiculescu Gelu-Voican, M\u0103gureanu Virgil \u015fi alte persoane din conducerea statului sau a Frontului Salv\u0103rii Na\u0163ionale au lansat un atac \u00eempotriva manifestan\u021bilor afla\u021bi fizic \u00een Pia\u021ba Universit\u0103\u021bii, care reprezenta \u00een fapt un pretext menit s\u0103 mascheze ac\u021biunea represiv\u0103 \u00eempotriva persoanelor care au participat anterior la aceste manifesta\u021bii, \u00een special liderii de opinie, precum \u0219i \u00eempotriva oric\u0103rei persoane care manifesta o oarecare form\u0103 de opozi\u021bie sau care se \u00eencadra \u00een categorii care, \u00een opinia lor, puteau manifesta o poten\u0163ial\u0103 opozi\u0163ie, \u00een special studen\u0163i, intelectuali sau persoane care exprimau apropierea de valorile occidentale.\u00a0Un rol important \u00een crearea cadrului de punere \u00een aplicare a atacului a constituit-o comunicarea public\u0103, manipulativ\u0103, insidioas\u0103 cu privire la pericolul pe care \u00eel reprezentau manifestan\u021bii pentru valorile democratice, de a c\u0103ror implementare se \u201eocupa\u201d noua putere.\u00a0Av\u00e2nd \u00een vedere amploarea atacului, punerea \u00een aplicare a acestuia a necesitat pentru planificatorii atacului \u0219i atragerea unui num\u0103r impresionant de persoane, care au ac\u0163ionat \u00een cuno\u0219tin\u021b\u0103 de acest atac, al\u0103turi de un num\u0103r mare de persoane care au ac\u021bionat f\u0103r\u0103 s\u0103 cunoasc\u0103 existen\u021ba atacului, ca urmare a manipul\u0103rii la care au fost supuse de persoanele care au orchestrat atacul.\u00a0<a title=\"Miron Cozma, declaratii halucinante la Parchet: Eu l-am arestat pe Iliescu in 1991 si era sa-l impusc!\" href=\"https:\/\/www.realitatea.net\/stiri\/justitie\/miron-cozma-declaratii-halucinante-la-parchet-eu-lam-arestat-pe-iliescu-in-1991-si-era-sal-impusc_678a3d27eba70f7a655a37f5\">Miron Cozma, declara\u021bii halucinante la Parchet: Eu l-am arestat pe Iliescu \u00een 1991 \u0219i era s\u0103-l \u00eempu\u0219c!<\/a>\u00a0\u00cen acest sens, pentru punerea \u00een aplicare a atacului, conducerea statului, \u00een special Iliescu Ion, Roman Petre, Voiculescu Gelu-Voican, precum \u0219i conducerea Serviciului Rom\u00e2n de Informa\u021bii, respectiv M\u0103gureanu Virgil, cu participarea lui S\u00e2rbu Adrian, consilier al primului-ministru, au constituit un grup criminal de tip sistemic, eterogen, de natur\u0103 politic\u0103, administrativ\u0103, militar\u0103 \u0219i civil\u0103, \u00eenl\u0103untrul c\u0103ruia a fost implicat un num\u0103r mare de persoane, cu o contribu\u021bie de natur\u0103 \u0219i con\u021binut diferite la fapte produse la o scar\u0103 impresionant\u0103. \u00cen tabloul infrac\u021bional, persoanele care au efectuat \u00een mod fizic actele de natur\u0103 criminal\u0103 au ocupat o pozi\u021bie inferioar\u0103 \u00een ierarhia grupului, \u00eens\u0103 conceperea \u0219i orchestrarea comiterii infrac\u021biunilor a revenit conducerii politice a statului rom\u00e2n de la acel moment, prin persoanele men\u021bionate.\u00a0Din probele administrate a rezultat coniven\u021ba la nivelul planific\u0103rii \u0219i orchestr\u0103rii planului infrac\u021bional, Iliescu Ion, Roman Petre, Voiculescu Gelu-Voican \u0219i M\u0103gureanu Virgil juc\u00e2nd rolurile cheie, \u00eens\u0103 modalitatea prin care au ales s\u0103 o pun\u0103 \u00een aplicare a fost prin intermediul altor persoane neparticipante la \u00een\u021belegere.\u00cencep\u00e2nd cu data de 13 iunie 1990, inculpa\u021bii au pus \u00een practic\u0103 ac\u021biunea represiv\u0103 \u00eempotriva manifestan\u021bilor afla\u021bi \u00een Pia\u0163a Universit\u0103\u0163ii din Bucure\u015fti. \u00cen acest atac au fost implicate, \u00een mod nelegal, for\u021be ale Ministerului de Interne, Ministerului Ap\u0103r\u0103rii Na\u021bionale, Serviciului Rom\u00e2n de Informa\u021bii, precum \u0219i peste zece mii de mineri \u0219i al\u021bi muncitori din mai multe zone ale \u021b\u0103rii.\u00a0Ac\u021biunea represiv\u0103 a avut caracterul unui atac generalizat \u0219i sistematic, \u00een cadrul c\u0103ruia au fost comise urm\u0103toarele fapte :1. moartea prin \u00eempu\u0219care a 4 persoane;2. violul a dou\u0103 persoane;3. v\u0103t\u0103marea integrit\u0103\u021bii fizice sau psihice a unui num\u0103r total de 1311 persoane;4. persecutarea prin privarea nelegal\u0103 de privarea de dreptul fundamental la libertate \u0219i siguran\u021b\u0103 \u0219i restr\u00e2ngerea acestui drept, pe motive de ordin politic, a unui num\u0103r total de 1211 persoane.\u00a0<a title=\"Gelu Voican Voiculescu, pus sub acuzare in dosarul MINERIADEI din 1990, alaturi de Iliescu si Roman\" href=\"https:\/\/www.realitatea.net\/stiri\/actual\/gelu-voicanvoiculescu-adus-la-parchetul-general-pentru-a-fi-inculpat-in-dosarul-mineriadei_6791f4b19ff5964015375b8d\">Gelu Voican Voiculescu, pus sub acuzare \u00een dosarul MINERIADEI din 1990, al\u0103turi de Iliescu \u0219i Roman<\/a>\u00a0Punerea \u00een aplicare a ac\u021biunii represive s-a realizat \u00een diminea\u021ba zilei de 13 iunie 1990, c\u00e2nd peste dou\u0103 sute de persoane au fost ridicate \u015fi transportate \u00een Unitatea Militar\u0103 0575 M\u0103gurele a Ministerului de Interne, unde au fost re\u0163inute p\u00e2n\u0103 \u00een dup\u0103 amiaza aceleia\u015fi zile, c\u00e2nd au fost l\u0103sate s\u0103 plece, dup\u0103 o cercetare sumar\u0103.\u00a0Concomitent, s-a p\u0103truns \u00een for\u0163\u0103, f\u0103r\u0103 drept, \u00een sediul Institutului de Arhitectur\u0103 \u0219i al Universit\u0103\u021bii din Bucure\u0219ti, fiind perchezi\u0163ionate mai multe birouri, iar persoanele aflate \u00een incint\u0103 au fost evacuate prin acte de violen\u0163\u0103.Conform hot\u0103r\u00e2rii luate de c\u0103tre pre\u015fedintele Consiliului Provizoriu de Uniune Na\u0163ional\u0103, primul-ministru al Guvernului Rom\u00e2niei, viceprim-ministrul, conduc\u0103tori ai institu\u0163iilor de for\u0163\u0103, precum \u015fi de c\u0103tre persoane din conducerea Frontului Salv\u0103rii Na\u0163ionale, \u00een Pia\u0163a Universit\u0103\u0163ii au fost adu\u015fi muncitori de la \u00centreprinderea de Ma\u015fini Grele Bucure\u015fti, care s-au manifestat violent, agres\u00e2nd fizic persoanele aflate \u00een zona Institutului de Arhitectur\u0103, dup\u0103 care au ocupat Pia\u0163a Universit\u0103\u0163ii \u00eempreun\u0103 cu for\u021bele de ordine, pentru a \u00eempiedica revenirea manifestan\u0163ilor.\u00a0Ac\u0163iunile \u00eentreprinse de autorit\u0103\u0163ile statului au generat o ripost\u0103 violent\u0103 din partea opozan\u0163ilor, astfel c\u0103 au fost incendiate sediile Poli\u0163iei Capitalei, Ministerului de Interne, Televiziunii Rom\u00e2ne \u015fi Serviciului Rom\u00e2n de Informa\u0163ii.S-a f\u0103cut uz de arm\u0103 cu muni\u0163ie de r\u0103zboi de c\u0103tre for\u0163ele de ordine, \u00een aceste \u00eemprejur\u0103ri fiind \u00eempu\u015fcate mortal 4 persoane.\u00a0Represiunea autorit\u0103\u0163ilor a continuat, \u00een zilele de 14 \u015fi 15 iunie 1990, printr-un atac sistematic desf\u0103\u0219urat \u00eempreun\u0103 cu minerii \u015fi muncitorii din mai multe jude\u0163e ale \u0163\u0103rii, care deveniser\u0103 o adev\u0103rat\u0103 for\u0163\u0103 de ordine, paralel\u0103 cu cele recunoscute \u015fi organizate potrivit legii.\u00a0<a title='Ion Iliescu implineste astazi 95 de ani. ,,Stiu ca internetul e plin de meme-uri cu mine, ca speranta moare penultima\"' href=\"https:\/\/www.realitatea.net\/stiri\/actual\/ion-iliescu-implineste-astazi-95-de-ani-stiu-ca-internetul-e-plin-de-memeuri-cu-mine-ca-speranta-moare-penultima_67c56cdca194644fa7279eb2\">Ion Iliescu \u00eempline\u0219te ast\u0103zi 95 de ani. \u201e\u0218tiu c\u0103 internetul e plin de meme-uri cu mine, c\u0103 speran\u021ba moare penultima\u201d<\/a>\u00a0\u00cen acest context, minerii adu\u0219i \u00een Bucure\u0219ti au devastat sediile partidelor politice nou \u00eenfiin\u021bate sau re\u00eenfiin\u021bate dup\u0103 Revolu\u021bia din decembrie 1989 \u0219i care se aflau \u00een opozi\u021bie, locuin\u021bele principalilor lideri politici din opozi\u021bie \u0219i sedii ale publica\u021biilor de pres\u0103 independente \u0219i ale unor institu\u021bii de \u00eenv\u0103\u021b\u0103m\u00e2nt. De asemenea, au agresat locuitori ai Bucure\u0219tiului, sub pretextul c\u0103 ace\u0219tia au leg\u0103tur\u0103 cu manifesta\u021biile din Pia\u021ba Universit\u0103\u021bii.\u00a0Persoanele care au fost ridicate din Pia\u021ba Universit\u0103\u021bii, \u00eempreun\u0103 cu altele considerate ca av\u00e2nd leg\u0103tur\u0103 cu manifesta\u021biile, au fost duse cu for\u021ba \u00een Unitatea Militar\u0103 0575 M\u0103gurele \u0219i \u00een incinta \u0218colii Militare Superioare de Ofi\u021beri de la B\u0103neasa, fiind private de libertate \u00eentr-un mod nelegal \u0219i \u00een spa\u021bii total improprii pentru de\u021binerea unor persoane. Privarea de libertate f\u0103r\u0103 forme legale a acestora a durat p\u00e2n\u0103 cel mai t\u00e2rziu pe data 22 iunie 1990.\u00a0Cazarea civililor adu\u015fi de pe str\u0103zile Bucure\u015ftiului s-a realizat \u00een condi\u0163ii total improprii, \u00een garaje, at\u00e2t b\u0103rba\u0163i c\u00e2t \u015fi femei, minori \u015fi b\u0103tr\u00e2ni. \u00cen permanen\u0163\u0103, aceste persoane s-au aflat sub paz\u0103 militar\u0103, inclusiv atunci c\u00e2nd trebuiau s\u0103 mearg\u0103 la toalet\u0103. Pe durata aceste perioade, persoanelor v\u0103t\u0103mate nu li s-a permis s\u0103 ia leg\u0103tura cu rudele sau cu altcineva din exterior, nu au primit asisten\u021b\u0103 medical\u0103 adecvat\u0103 \u0219i au fost supuse la tratamente \u00eenjositoare \u0219i degradante (inclusiv prin simularea unor execu\u021bii colective sau prin gazarea colectiv\u0103 prin eliberarea gazelor de e\u0219apament \u00een spa\u021biile de de\u021binere).\u00a0Facem precizarea c\u0103 starea de fapt re\u021binut\u0103 \u0219i \u00eencadrarea juridic\u0103 a faptelor au la baz\u0103 exclusiv probatoriul administrat dup\u0103 data de 04.06.2021, la care cauza a fost restituit\u0103 la parchet, ca urmare a parcurgerii procedurii de camer\u0103 preliminar\u0103, \u00een urma c\u0103reia au fost anulate toate probele administrate anterior anului 2017 \u0219i s-a constatat nulitatea actelor de urm\u0103rire anterior efectuate.\u00a0Cauza a fost \u00eenaintat\u0103, spre competent\u0103 solu\u0163ionare, \u00cenaltei Cur\u021bi de Casa\u021bie \u0219i Justi\u021bie.\u00a0Preciz\u0103m c\u0103 aceast\u0103 etap\u0103 a procesului penal reprezint\u0103, conform Codului de procedur\u0103 penal\u0103, finalizarea anchetei penale \u015fi trimiterea rechizitoriului la instan\u0163\u0103, spre judecare, situa\u0163ie care nu poate \u00een niciun fel s\u0103 \u00eenfr\u00e2ng\u0103 principiul prezum\u0163iei de nevinov\u0103\u0163ie.\u00a0<a title=\"Ion Iliescu ramane fara certificatul de revolutionar\" href=\"https:\/\/www.realitatea.net\/stiri\/politica\/ion-iliescu-ramane-fara-certificatul-de-revolutionar_67e3fa7390623e756b6cd302\">Ion Iliescu r\u0103m\u00e2ne f\u0103r\u0103 certificatul de revolu\u021bionar<\/a>\u00a0<\/p>","protected":false},"excerpt":{"rendered":"<p>De data aceasta, Ion Iliescu ajunge \u00een fa\u021ba judec\u0103torilor de la \u00cenalta Curte de Casa\u021bie&hellip;<\/p>\n","protected":false},"author":0,"featured_media":44373,"comment_status":"open","ping_status":"open","sticky":false,"template":"","format":"standard","meta":{"footnotes":""},"categories":[3],"tags":[],"class_list":["post-44372","post","type-post","status-publish","format-standard","has-post-thumbnail","hentry","category-politica"],"_links":{"self":[{"href":"https:\/\/247stiri.ro\/index.php\/wp-json\/wp\/v2\/posts\/44372","targetHints":{"allow":["GET"]}}],"collection":[{"href":"https:\/\/247stiri.ro\/index.php\/wp-json\/wp\/v2\/posts"}],"about":[{"href":"https:\/\/247stiri.ro\/index.php\/wp-json\/wp\/v2\/types\/post"}],"replies":[{"embeddable":true,"href":"https:\/\/247stiri.ro\/index.php\/wp-json\/wp\/v2\/comments?post=44372"}],"version-history":[{"count":0,"href":"https:\/\/247stiri.ro\/index.php\/wp-json\/wp\/v2\/posts\/44372\/revisions"}],"wp:featuredmedia":[{"embeddable":true,"href":"https:\/\/247stiri.ro\/index.php\/wp-json\/wp\/v2\/media\/44373"}],"wp:attachment":[{"href":"https:\/\/247stiri.ro\/index.php\/wp-json\/wp\/v2\/media?parent=44372"}],"wp:term":[{"taxonomy":"category","embeddable":true,"href":"https:\/\/247stiri.ro\/index.php\/wp-json\/wp\/v2\/categories?post=44372"},{"taxonomy":"post_tag","embeddable":true,"href":"https:\/\/247stiri.ro\/index.php\/wp-json\/wp\/v2\/tags?post=44372"}],"curies":[{"name":"wp","href":"https:\/\/api.w.org\/{rel}","templated":true}]}}