{"id":44377,"date":"2025-04-02T07:44:55","date_gmt":"2025-04-02T07:44:55","guid":{"rendered":"https:\/\/247stiri.ro\/index.php\/2025\/04\/02\/calin-georgescu-ajunge-la-ipj-ilfov-cand-expira-controlul-judiciar-al-fostului-candidat-la-prezidentiale\/"},"modified":"2025-04-02T07:44:55","modified_gmt":"2025-04-02T07:44:55","slug":"calin-georgescu-ajunge-la-ipj-ilfov-cand-expira-controlul-judiciar-al-fostului-candidat-la-prezidentiale","status":"publish","type":"post","link":"https:\/\/247stiri.ro\/index.php\/2025\/04\/02\/calin-georgescu-ajunge-la-ipj-ilfov-cand-expira-controlul-judiciar-al-fostului-candidat-la-prezidentiale\/","title":{"rendered":"C\u0103lin Georgescu ajunge la IPJ Ilfov. C\u00e2nd expir\u0103 controlul judiciar al fostului candidat la preziden\u021biale?"},"content":{"rendered":"<p>C\u0103lin Georgescu d\u0103 cu subsemnatul<\/p>\n<p><a href=\"https:\/\/www.realitatea.net\/stiri\/politica\/mesajul-lui-calin-georgescu-pentru-romani-valul-nu-poate-fi-oprit-dumnezeu-nu-poate-fi-inlocuit_67e91a2386f332589c35bfc2\" target=\"_blank\">C\u0103lin Georgescu<\/a> urmeaz\u0103 s\u0103 ajung\u0103 la IPJ Ilfov. \u00cen fiecare zi de miercuri, acesta trebuie s\u0103 dea cu subsemnatul \u00een fa\u021ba anchetatorilor, asta dup\u0103 ce pe numele s\u0103u a fost emis un dosar penal. Una dintre m\u0103suri este aceasta, s\u0103 semneze controlul judiciar \u00een fiecare miercuri.<\/p>\n<p>\u0218tim c\u0103 \u00een cazul lui <a href=\"https:\/\/www.realitatea.net\/stiri\/actual\/marine-le-pen-prima-reactie-dupa-ce-a-fost-executata-politic-pe-model-calin-georgescu-video_67eb9166a3706362cd22ef73\" target=\"_blank\">C\u0103lin Georgescu,<\/a> m\u0103sura expir\u0103 cu aproape o s\u0103pt\u0103m\u00e2n\u0103 \u00eenainte de alegerile preziden\u021biale. Dosarul pe numele s\u0103u a fost deschis \u00een momentul \u00een care acesta se preg\u0103tea s\u0103 mearg\u0103 s\u0103-\u0219i depun\u0103 candidatura la alegerile preziden\u021biale.<\/p>\n<p>R\u0103m\u00e2ne de v\u0103zut dac\u0103 acesta va face declara\u021bii \u00een fa\u021ba sediului IPJ Ilfov, \u00een momentul \u00een care va ajunge.<\/p>","protected":false},"excerpt":{"rendered":"<p>C\u0103lin Georgescu d\u0103 cu subsemnatul C\u0103lin Georgescu urmeaz\u0103 s\u0103 ajung\u0103 la IPJ Ilfov. \u00cen fiecare&hellip;<\/p>\n","protected":false},"author":0,"featured_media":44371,"comment_status":"open","ping_status":"open","sticky":false,"template":"","format":"standard","meta":{"footnotes":""},"categories":[2],"tags":[],"class_list":["post-44377","post","type-post","status-publish","format-standard","has-post-thumbnail","hentry","category-actual"],"_links":{"self":[{"href":"https:\/\/247stiri.ro\/index.php\/wp-json\/wp\/v2\/posts\/44377","targetHints":{"allow":["GET"]}}],"collection":[{"href":"https:\/\/247stiri.ro\/index.php\/wp-json\/wp\/v2\/posts"}],"about":[{"href":"https:\/\/247stiri.ro\/index.php\/wp-json\/wp\/v2\/types\/post"}],"replies":[{"embeddable":true,"href":"https:\/\/247stiri.ro\/index.php\/wp-json\/wp\/v2\/comments?post=44377"}],"version-history":[{"count":0,"href":"https:\/\/247stiri.ro\/index.php\/wp-json\/wp\/v2\/posts\/44377\/revisions"}],"wp:featuredmedia":[{"embeddable":true,"href":"https:\/\/247stiri.ro\/index.php\/wp-json\/wp\/v2\/media\/44371"}],"wp:attachment":[{"href":"https:\/\/247stiri.ro\/index.php\/wp-json\/wp\/v2\/media?parent=44377"}],"wp:term":[{"taxonomy":"category","embeddable":true,"href":"https:\/\/247stiri.ro\/index.php\/wp-json\/wp\/v2\/categories?post=44377"},{"taxonomy":"post_tag","embeddable":true,"href":"https:\/\/247stiri.ro\/index.php\/wp-json\/wp\/v2\/tags?post=44377"}],"curies":[{"name":"wp","href":"https:\/\/api.w.org\/{rel}","templated":true}]}}