{"id":4439,"date":"2024-11-04T17:02:14","date_gmt":"2024-11-04T17:02:14","guid":{"rendered":"https:\/\/247stiri.ro\/index.php\/2024\/11\/04\/proiectul-de-modificare-a-legii-pensiilor-militare-a-fost-adoptat-de-senat\/"},"modified":"2024-11-04T17:02:14","modified_gmt":"2024-11-04T17:02:14","slug":"proiectul-de-modificare-a-legii-pensiilor-militare-a-fost-adoptat-de-senat","status":"publish","type":"post","link":"https:\/\/247stiri.ro\/index.php\/2024\/11\/04\/proiectul-de-modificare-a-legii-pensiilor-militare-a-fost-adoptat-de-senat\/","title":{"rendered":"Proiectul de modificare a Legii pensiilor militare a fost adoptat de Senat"},"content":{"rendered":"<p>Propunerea legislativ\u0103, ini\u0163iat\u0103 de un grup de parlamentari de la PNL, a fost adoptat\u0103 s\u0103pt\u0103m\u00e2na trecut\u0103 de Camera Deputa\u0163ilor \u015fi a primit, luni, \u00een Senat, ca for decizional, 91 de voturi &#8222;pentru&#8221; \u015fi 8 ab\u0163ineri.<\/p>\n<p>Proiectul de modificare a Legii pensiilor militare a intrat la vot dup\u0103 ce a primit un raport de admitere \u00een Comisia de Ap\u0103rare a Senatului. Anterior acestei decizii, actul normativ a fost adoptat cu amendamente, s\u0103pt\u0103m\u00e2na trecut\u0103 de Camera Deputa\u0163ilor.<\/p>\n<p>&#8222;Cuantumul pensiilor militare de stat, aflate \u00een plat\u0103, se actualizeaz\u0103 ori de c\u00e2te ori se majoreaz\u0103 solda de grad\/salariul gradului profesional \u015fi\/sau solda de func\u0163ie\/salariul de func\u0163ie al militarilor, poli\u0163i\u015ftilor \u015fi func\u0163ionarilor publici cu statut special din sistemul administra\u0163iei penitenciare, \u00een procentajele stabilite la art. 29, 30 \u015fi 108 \u015fi \u00een func\u0163ie de vechimea valorificat\u0103 prin ultima decizie de stabilire a pensiei militare, inclusiv prin excep\u0163ie de la prevederile art. 60, potrivit gradului militar\/profesional avut la data trecerii \u00een rezerv\u0103\/\u00eencet\u0103rii raporturilor de serviciu \u015fi a mediei soldelor de func\u0163ie\/salariilor de func\u0163ie \u015fi a drepturilor b\u0103ne\u015fti, care fac parte din baza de calcul folosit\u0103 pentru stabilirea pensiei militare de stat, conform legii, \u015fi valorificate \u00een ultima decizie de pensie&#8221;, prevede actul normativ amendat de Comisia de ap\u0103rare a Senatului.<\/p>\n<p><a href=\"https:\/\/www.realitatea.net\/stiri\/actual\/val-de-teorii-ale-conspiratiei-despre-inundatiile-din-valencia-pedeapsa-haarp-dupa-refuzul-spaniei-de-a-sprijini-israelul-sau-previziune-dintrun-serial-popular_6728e8f94f13d50e3e5d5562\" target=\"_blank\" rel=\"noopener\">Val de teorii ale conspira\u021biei despre inunda\u021biile din Valencia: Pedeapsa HAARP dup\u0103 refuzul Spaniei de a sprijini Israelul sau previziune dintr-un serial popular<\/a><\/p>\n<p>Aceste prevederi nu vor fi aplicate pensionarilor militari care exercit\u0103 func\u0163ia de membru al Guvernului, secretar de stat, subsecretar de stat sau func\u0163ii asimilate acestora, c\u00e2t \u015fi celor care au calitatea de parlamentar, pe perioada exercit\u0103rii acestor func\u0163ii, mai prevede proiectul.<\/p>\n<p>C\u00e2nd se actualizeaz\u0103 pensiile militare<\/p>\n<p>\u00cen cazul \u00een care, \u00een urma actualiz\u0103rii, rezult\u0103 o pensie mai mic\u0103 dec\u00e2t cea aflat\u0103 \u00een plat\u0103, atunci se va men\u0163ine suma \u00een plat\u0103.<\/p>\n<p>Comisia de ap\u0103rare a eliminat articolul 60 (1) din forma Camerei Deputa\u0163ilor care prevedea c\u0103 &#8222;dispozi\u0163iile art 60 alin (2) \u015fi (3) se aplic\u0103 \u00een mod corespunz\u0103tor \u015fi \u00een cadrul procedurii de actualizare a pensiilor militare de stat&#8221;.<\/p>\n<p>Senatorii din Comisia de ap\u0103rare au mai stabilit c\u0103, &#8222;\u00een termen de 30 de zile de la data intr\u0103rii \u00een vigoare a prezentei legi, Casele de pensii sectoriale actualizeaz\u0103 din oficiu toate pensiile militare de stat aflate \u00een plat\u0103, cu major\u0103rile soldei de grad, salariul gradului profesional \u015fi al soldei de func\u0163ie\/ salariul de func\u0163ie care au avut loc \u00een perioada 2015 &#8211; 2024&#8221;.<\/p>\n<p>Fondurile necesare pentru plata \u00een anul 2024 a acestor drepturi vor fi suportate din bugetele institu\u0163iilor din sistemul de ap\u0103rare, ordine public\u0103 \u015fi securitate na\u0163ional\u0103.<\/p>\n<p><a title=\"Pensiile militare, asigurate: Presedintele Comisiei pentru aparare din Senat garanteaza fonduri dupa discutiile cu rezervisti\" href=\"https:\/\/www.realitatea.net\/stiri\/actual\/pensiile-militare-asigurate-presedintele-comisiei-pentru-aparare-din-senat-garanteaza-fonduri-dupa-discutiile-cu-rezervisti_6728e461b326b829441b4b82\">Pensiile militare, asigurate: Pre\u015fedintele Comisiei pentru ap\u0103rare din Senat garanteaz\u0103 fonduri dup\u0103 discu\u021biile cu rezervi\u0219ti<\/a><\/p>","protected":false},"excerpt":{"rendered":"<p>Propunerea legislativ\u0103, ini\u0163iat\u0103 de un grup de parlamentari de la PNL, a fost adoptat\u0103 s\u0103pt\u0103m\u00e2na&hellip;<\/p>\n","protected":false},"author":0,"featured_media":4440,"comment_status":"open","ping_status":"open","sticky":false,"template":"","format":"standard","meta":{"footnotes":""},"categories":[2],"tags":[],"class_list":["post-4439","post","type-post","status-publish","format-standard","has-post-thumbnail","hentry","category-actual"],"_links":{"self":[{"href":"https:\/\/247stiri.ro\/index.php\/wp-json\/wp\/v2\/posts\/4439","targetHints":{"allow":["GET"]}}],"collection":[{"href":"https:\/\/247stiri.ro\/index.php\/wp-json\/wp\/v2\/posts"}],"about":[{"href":"https:\/\/247stiri.ro\/index.php\/wp-json\/wp\/v2\/types\/post"}],"replies":[{"embeddable":true,"href":"https:\/\/247stiri.ro\/index.php\/wp-json\/wp\/v2\/comments?post=4439"}],"version-history":[{"count":0,"href":"https:\/\/247stiri.ro\/index.php\/wp-json\/wp\/v2\/posts\/4439\/revisions"}],"wp:featuredmedia":[{"embeddable":true,"href":"https:\/\/247stiri.ro\/index.php\/wp-json\/wp\/v2\/media\/4440"}],"wp:attachment":[{"href":"https:\/\/247stiri.ro\/index.php\/wp-json\/wp\/v2\/media?parent=4439"}],"wp:term":[{"taxonomy":"category","embeddable":true,"href":"https:\/\/247stiri.ro\/index.php\/wp-json\/wp\/v2\/categories?post=4439"},{"taxonomy":"post_tag","embeddable":true,"href":"https:\/\/247stiri.ro\/index.php\/wp-json\/wp\/v2\/tags?post=4439"}],"curies":[{"name":"wp","href":"https:\/\/api.w.org\/{rel}","templated":true}]}}