{"id":44398,"date":"2025-04-02T08:44:54","date_gmt":"2025-04-02T08:44:54","guid":{"rendered":"https:\/\/247stiri.ro\/index.php\/2025\/04\/02\/nicusor-dan-este-gata-sa-negocieze-cu-antonescu-si-lasconi-ce-blat-a-gandit-nicusor-pentru-a-l-elimina-pe-simion\/"},"modified":"2025-04-02T08:44:54","modified_gmt":"2025-04-02T08:44:54","slug":"nicusor-dan-este-gata-sa-negocieze-cu-antonescu-si-lasconi-ce-blat-a-gandit-nicusor-pentru-a-l-elimina-pe-simion","status":"publish","type":"post","link":"https:\/\/247stiri.ro\/index.php\/2025\/04\/02\/nicusor-dan-este-gata-sa-negocieze-cu-antonescu-si-lasconi-ce-blat-a-gandit-nicusor-pentru-a-l-elimina-pe-simion\/","title":{"rendered":"Nicu\u0219or Dan este gata s\u0103 negocieze cu Antonescu \u0219i Lasconi. Ce blat a g\u00e2ndit Nicu\u0219or pentru a-l elimina pe Simion?"},"content":{"rendered":"<p>Candidatul independent Nicu\u0219or Dan a anun\u021bat mar\u021bi sear\u0103, \u00eentr-o emisiune TV, c\u0103 ar fi dispus s\u0103 negocieze cu contracandida\u021bii s\u0103i Crin Antonescu \u0219i Elena Lasconi, pentru a evita o final\u0103 preziden\u021bial\u0103 \u00eentre George Simion \u0219i Victor Ponta, potrivit Realitatea Plus.<\/p>\n<p>\u00centrebat dac\u0103 s-ar retrage \u00een favoarea vreunuia dintre cei doi, dac\u0103 ar fi mai bine cota\u021bi \u00een sondaje, primarul general a opinat c\u0103 ar fi \u201do propunere foarte corect\u0103, pentru c\u0103 cel mai r\u0103u lucru pentru Rom\u00e2nia ar fi o final\u0103 \u00eentre Ponta \u0219i Simion&#8221;.<\/p>\n<p>Totu\u0219i, Nicu\u0219or Dan a solicitat un r\u0103gaz de 2-3 s\u0103pt\u0103m\u00e2ni, pentru a vedea cum evolueaz\u0103 sondajele \u0219i dac\u0103, \u00eentr-adev\u0103r, liderul AUR \u0219i suveranistul vopsit sunt favori\u021bii rom\u00e2nilor.<\/p>\n<p>Potrivit unor surse citate de Realitatea Plus, liderii USR ar urma s\u0103 aib\u0103 \u0219i ei discu\u021bii cu Elena Lasconi, \u0219efa lor, pentru a o convinge s\u0103 se retrag\u0103, \u00een condi\u021biile \u00een care actualele sondaje o crediteaz\u0103 cu un scor de 5%. O astfel de discu\u021bie ar urma s\u0103 aib\u0103 loc \u00een a doua jum\u0103tate a lunii aprilie.<\/p>","protected":false},"excerpt":{"rendered":"<p>Candidatul independent Nicu\u0219or Dan a anun\u021bat mar\u021bi sear\u0103, \u00eentr-o emisiune TV, c\u0103 ar fi dispus&hellip;<\/p>\n","protected":false},"author":0,"featured_media":44393,"comment_status":"open","ping_status":"open","sticky":false,"template":"","format":"standard","meta":{"footnotes":""},"categories":[2],"tags":[],"class_list":["post-44398","post","type-post","status-publish","format-standard","has-post-thumbnail","hentry","category-actual"],"_links":{"self":[{"href":"https:\/\/247stiri.ro\/index.php\/wp-json\/wp\/v2\/posts\/44398","targetHints":{"allow":["GET"]}}],"collection":[{"href":"https:\/\/247stiri.ro\/index.php\/wp-json\/wp\/v2\/posts"}],"about":[{"href":"https:\/\/247stiri.ro\/index.php\/wp-json\/wp\/v2\/types\/post"}],"replies":[{"embeddable":true,"href":"https:\/\/247stiri.ro\/index.php\/wp-json\/wp\/v2\/comments?post=44398"}],"version-history":[{"count":0,"href":"https:\/\/247stiri.ro\/index.php\/wp-json\/wp\/v2\/posts\/44398\/revisions"}],"wp:featuredmedia":[{"embeddable":true,"href":"https:\/\/247stiri.ro\/index.php\/wp-json\/wp\/v2\/media\/44393"}],"wp:attachment":[{"href":"https:\/\/247stiri.ro\/index.php\/wp-json\/wp\/v2\/media?parent=44398"}],"wp:term":[{"taxonomy":"category","embeddable":true,"href":"https:\/\/247stiri.ro\/index.php\/wp-json\/wp\/v2\/categories?post=44398"},{"taxonomy":"post_tag","embeddable":true,"href":"https:\/\/247stiri.ro\/index.php\/wp-json\/wp\/v2\/tags?post=44398"}],"curies":[{"name":"wp","href":"https:\/\/api.w.org\/{rel}","templated":true}]}}