{"id":44403,"date":"2025-04-02T08:44:56","date_gmt":"2025-04-02T08:44:56","guid":{"rendered":"https:\/\/247stiri.ro\/index.php\/2025\/04\/02\/marius-tuca-il-demasca-pe-ponta-esti-absolut-penibil\/"},"modified":"2025-04-02T08:44:56","modified_gmt":"2025-04-02T08:44:56","slug":"marius-tuca-il-demasca-pe-ponta-esti-absolut-penibil","status":"publish","type":"post","link":"https:\/\/247stiri.ro\/index.php\/2025\/04\/02\/marius-tuca-il-demasca-pe-ponta-esti-absolut-penibil\/","title":{"rendered":"Marius Tuc\u0103 \u00eel demasc\u0103 pe Ponta: \u201eE\u0219ti absolut penibil\u201d"},"content":{"rendered":"<p>Invitat \u00een emisiunea \u201eMarius Tuc\u0103 Show\u201d, Victor Ponta a fost luat la \u00eentreb\u0103ri din partea gazdei, dup\u0103 ce suveranistul vopsit l-a acuzat pe jurnalist c\u0103 \u00ee\u0219i bate joc de un subiect serios: arestarea lui Bogdan Pe\u0219chir.\u00a0<\/p>\n<p>Conversa\u021bia dintre cei doi a devenit rapid tensionat\u0103.<\/p>\n<p>Marius Tuc\u0103: \u201eAsta e sistemul pe care l-a\u021bi creat, Victor\u201d, i-a spus Marius Tuc\u0103.<\/p>\n<p>Victor Ponta: \u201eTu l-ai creat c\u0103 e\u0219ti jurnalist \u0219i ai fost cu to\u021bi oamenii politici\u201d.<\/p>\n<p>Marius Tuc\u0103: \u201eTu ai fost la putere. Ai fost patru ani prim-ministru\u201d\u00a0<\/p>\n<p>Victor Ponta:\u00a0\u201eOmul \u0103la e \u00een arest (&#8230;) Nu mi se pare ok sp-\u0103-\u021bi ba\u021bi joc de suferin\u021ba unui om, nu mi se pare ok. Te superi c\u0103-\u021bi spun direct?\u201d<\/p>\n<p><a title='Victor Ponta, luat la intrebari: ,,Nu va este rusine?\" ,,Ce mai face Sebastian Ghita?\". Cum a raspuns suveranistul vopsit' href=\"https:\/\/www.realitatea.net\/stiri\/actual\/victor-ponta-luat-la-intrebari-de-andreea-esca-nu-va-este-rusine-ce-mai-face-sebastian-ghita-ce-a-raspuns-suveranistul-vopsit_67e832cf9517254fbd0c1b24\">Victor Ponta, luat la \u00eentreb\u0103ri: \u201eNu v\u0103 este ru\u0219ine?\u201d \u201eCe mai face Sebastian Ghi\u021b\u0103?\u201d. Cum a r\u0103spuns suveranistul vopsit<\/a><\/p>\n<p>Marius Tuc\u0103: \u201eAbsolut deloc, numai c\u0103 e\u0219ti absolut penibil pentru c\u0103, o dat\u0103 ce am f\u0103cut emisiunea \u00een ap\u0103rarea lui Bogdan Pe\u0219chir, nu fac mi\u0219to. \u0218i aten\u021bie cu ce spui, pentru c\u0103 pot s\u0103 r\u0103spund \u0219i mai r\u0103u dec\u00e2t&#8230; \u00cencerci s\u0103 m\u0103 ataci absolut penibil, tocmai spuneam. Dar putem s\u0103 trecem momentul \u0103sta c\u0103 eu sunt bun \u0219i iert\u0103tor, adic\u0103 am mai trecut. \u00cen momentul \u00een care fac o emisiune \u00een ap\u0103rarea lui Bogdan Pe\u0219chir, \u00eenseamn\u0103 c\u0103 sunt c\u00e2t se poate de serios\u201d.<\/p>\n<p>Victor Ponta: \u201eDreptul la libertate al lui Bogdan Pe\u0219chir, dreptul dumneavoastr\u0103 de a avea emisiuni \u2013 sunt \u00eenc\u0103lcate. A\u0219a v\u0103d eu Rom\u00e2nia, cu \u00eenc\u0103lcarea unor libert\u0103\u021bi fundamentale. Cred c\u0103 sistemul, care are \u00een acest moment ni\u0219te fe\u021be foarte clare, era \u00een primul r\u00e2nd Klaus Iohannis, \u0219i l\u00e2ng\u0103 el erau cei care sunt \u0219i acum, \u0219i anume Marcel Ciolacu, C\u0103t\u0103lin Predoiu, Hunor Kelemen, sc\u0103pat din m\u00e2n\u0103 \u021bara, care nu-i mai vrea \u0219i nu i-a mai vrut \u0219i care are o nemul\u021bumire. \u0218i atunci, din gre\u0219eal\u0103 \u00een gre\u0219eal\u0103, s-a ajuns la situa\u021bia actual\u0103 \u2013 gre\u0219eal\u0103 numit\u0103 anularea primului tur. Tot ceea ce se \u00eent\u00e2mpl\u0103 din 2024, e, p\u00e2n\u0103 la urm\u0103, disperarea unor oameni care nu accept\u0103 ideea c\u0103 pierd\u201d<\/p>\n<p><a title=\"Miron Mitrea, despre incercarea lui Ponta de a se urca pe valul suveranist: E caraghios. Acum sapte luni era corporatist, dupa aia a fost globalist\" href=\"https:\/\/www.realitatea.net\/stiri\/actual\/miron-mitrea-despre-incercarea-lui-ponta-de-a-se-urca-pe-valul-suveranist-e-caraghios-acum-sapte-luni-era-corporatist-dupa-aia-a-fost-globalist_67e9781f9955db2e82391252\">Miron Mitrea, despre \u00eencercarea lui Ponta de a se urca pe valul suveranist: E caraghios. Acum \u0219apte luni era corporatist, dup\u0103 aia a fost globalist<\/a><\/p>","protected":false},"excerpt":{"rendered":"<p>Invitat \u00een emisiunea \u201eMarius Tuc\u0103 Show\u201d, Victor Ponta a fost luat la \u00eentreb\u0103ri din partea&hellip;<\/p>\n","protected":false},"author":0,"featured_media":44396,"comment_status":"open","ping_status":"open","sticky":false,"template":"","format":"standard","meta":{"footnotes":""},"categories":[2],"tags":[],"class_list":["post-44403","post","type-post","status-publish","format-standard","has-post-thumbnail","hentry","category-actual"],"_links":{"self":[{"href":"https:\/\/247stiri.ro\/index.php\/wp-json\/wp\/v2\/posts\/44403","targetHints":{"allow":["GET"]}}],"collection":[{"href":"https:\/\/247stiri.ro\/index.php\/wp-json\/wp\/v2\/posts"}],"about":[{"href":"https:\/\/247stiri.ro\/index.php\/wp-json\/wp\/v2\/types\/post"}],"replies":[{"embeddable":true,"href":"https:\/\/247stiri.ro\/index.php\/wp-json\/wp\/v2\/comments?post=44403"}],"version-history":[{"count":0,"href":"https:\/\/247stiri.ro\/index.php\/wp-json\/wp\/v2\/posts\/44403\/revisions"}],"wp:featuredmedia":[{"embeddable":true,"href":"https:\/\/247stiri.ro\/index.php\/wp-json\/wp\/v2\/media\/44396"}],"wp:attachment":[{"href":"https:\/\/247stiri.ro\/index.php\/wp-json\/wp\/v2\/media?parent=44403"}],"wp:term":[{"taxonomy":"category","embeddable":true,"href":"https:\/\/247stiri.ro\/index.php\/wp-json\/wp\/v2\/categories?post=44403"},{"taxonomy":"post_tag","embeddable":true,"href":"https:\/\/247stiri.ro\/index.php\/wp-json\/wp\/v2\/tags?post=44403"}],"curies":[{"name":"wp","href":"https:\/\/api.w.org\/{rel}","templated":true}]}}