{"id":44414,"date":"2025-04-02T09:45:03","date_gmt":"2025-04-02T09:45:03","guid":{"rendered":"https:\/\/247stiri.ro\/index.php\/2025\/04\/02\/confuzie-grava-a-politiei-o-fetita-de-11-ani-cu-dizabilitati-a-fost-luata-de-pe-strada-si-internata-la-psihiatrie-in-urma-unei-erori-minora-a-fost-confundata-cu-o-femeie-disparuta\/"},"modified":"2025-04-02T09:45:03","modified_gmt":"2025-04-02T09:45:03","slug":"confuzie-grava-a-politiei-o-fetita-de-11-ani-cu-dizabilitati-a-fost-luata-de-pe-strada-si-internata-la-psihiatrie-in-urma-unei-erori-minora-a-fost-confundata-cu-o-femeie-disparuta","status":"publish","type":"post","link":"https:\/\/247stiri.ro\/index.php\/2025\/04\/02\/confuzie-grava-a-politiei-o-fetita-de-11-ani-cu-dizabilitati-a-fost-luata-de-pe-strada-si-internata-la-psihiatrie-in-urma-unei-erori-minora-a-fost-confundata-cu-o-femeie-disparuta\/","title":{"rendered":"Confuzie grav\u0103 a poli\u021biei: o feti\u021b\u0103 de 11 ani, cu dizabilit\u0103\u021bi, a fost luat\u0103 de pe strad\u0103 \u0219i internat\u0103 la psihiatrie \u00een urma unei erori. Minora a fost confundat\u0103 cu o femeie disp\u0103rut\u0103"},"content":{"rendered":"<p>Incidentul, relatat de The Guardian, a provocat indignare la nivel na\u021bional, iar autorit\u0103\u021bile sunt acum presate s\u0103 ofere explica\u021bii.<\/p>\n<p>O eroare cu consecin\u021be grave<\/p>\n<p>Copila, care are dificult\u0103\u021bi de comunicare din cauza unei dizabilit\u0103\u021bi, traversa un pod \u00een nordul ora\u0219ului Hamilton atunci c\u00e2nd a fost abordat\u0103 de poli\u021bi\u0219ti. Ace\u0219tia au presupus, \u00een mod eronat, c\u0103 este o t\u00e2n\u0103r\u0103 de 20 de ani, pacient\u0103 a unui spital local, care fusese declarat\u0103 disp\u0103rut\u0103.<\/p>\n<p><a href=\"https:\/\/www.realitatea.net\/stiri\/actual\/adolescenta-de-15-ani-disparuta-in-piatraneamt-claudia-elena-este-de-negasit_67eba5424f1fe302390a40e2\" target=\"_blank\">\u00cen urma confuziei,<\/a> feti\u021ba a fost transportat\u0103 la spital \u0219i internat\u0103 \u00eentr-o unitate de psihiatrie intensiv\u0103. De\u0219i una dintre asistente a observat c\u0103 \u201eseam\u0103n\u0103 cu un copil\u201d, internarea a continuat f\u0103r\u0103 verific\u0103ri suplimentare. Raportul oficial al Ministerului S\u0103n\u0103t\u0103\u021bii arat\u0103 c\u0103, din cauza dizabilit\u0103\u021bii sale, feti\u021ba nu a putut clarifica identitatea sa.<\/p>\n<p>Tratament administrat \u00een mod eronat<\/p>\n<p>Refuz\u00e2nd s\u0103 ia medicamentele prescrise, copilul a fost imobilizat \u0219i injectat cu antipsihotice, tratament rar administrat minorilor. Personalul medical a ac\u021bionat sub falsa impresie c\u0103 are de-a face cu un adult, fapt men\u021bionat \u00een raportul oficial.<\/p>\n<p>Abia dup\u0103 12 ore de confuzie, poli\u021bia \u0219i-a dat seama de gre\u0219eala comis\u0103 \u0219i a contactat familia feti\u021bei, care o c\u0103uta disperat\u0103.<\/p>\n<p>Richard Sullivan, oficial al Ministerului S\u0103n\u0103t\u0103\u021bii, \u0219i-a exprimat regretul profund pentru incident: \u201e\u00cemi cer scuze fa\u021b\u0103 de feti\u021b\u0103 \u0219i familia ei pentru trauma \u0219i suferin\u021ba prin care au trecut. Raportul este dur, dar necesar pentru a preveni astfel de situa\u021bii \u00een viitor.\u201d<\/p>\n<p>Premierul Noii Zeelande, Christopher Luxon, a catalogat situa\u021bia drept \u201eincredibil de dureroas\u0103 \u0219i \u00eengrijor\u0103toare\u201d \u0219i a anun\u021bat deschiderea unei anchete pentru a stabili cum a fost posibil\u0103 o astfel de eroare.\u00a0<\/p>\n<p><a href=\"https:\/\/www.realitatea.net\/stiri\/actual\/elena-larisa-are-12-ani-si-a-fost-data-disparuta-incredibil-unde-a-fost-gasita-minora-a-doua-zi_67e6f9c990d0800f5f549fd3\" target=\"_blank\">Incidentul,<\/a> petrecut pe 9 martie, a intrat acum \u00een aten\u021bia autorit\u0103\u021bilor, care promit m\u0103suri stricte pentru a evita repetarea unor astfel de gre\u0219eli.<\/p>\n<p>\u00a0<\/p>","protected":false},"excerpt":{"rendered":"<p>Incidentul, relatat de The Guardian, a provocat indignare la nivel na\u021bional, iar autorit\u0103\u021bile sunt acum&hellip;<\/p>\n","protected":false},"author":0,"featured_media":44415,"comment_status":"open","ping_status":"open","sticky":false,"template":"","format":"standard","meta":{"footnotes":""},"categories":[4],"tags":[],"class_list":["post-44414","post","type-post","status-publish","format-standard","has-post-thumbnail","hentry","category-extern"],"_links":{"self":[{"href":"https:\/\/247stiri.ro\/index.php\/wp-json\/wp\/v2\/posts\/44414","targetHints":{"allow":["GET"]}}],"collection":[{"href":"https:\/\/247stiri.ro\/index.php\/wp-json\/wp\/v2\/posts"}],"about":[{"href":"https:\/\/247stiri.ro\/index.php\/wp-json\/wp\/v2\/types\/post"}],"replies":[{"embeddable":true,"href":"https:\/\/247stiri.ro\/index.php\/wp-json\/wp\/v2\/comments?post=44414"}],"version-history":[{"count":0,"href":"https:\/\/247stiri.ro\/index.php\/wp-json\/wp\/v2\/posts\/44414\/revisions"}],"wp:featuredmedia":[{"embeddable":true,"href":"https:\/\/247stiri.ro\/index.php\/wp-json\/wp\/v2\/media\/44415"}],"wp:attachment":[{"href":"https:\/\/247stiri.ro\/index.php\/wp-json\/wp\/v2\/media?parent=44414"}],"wp:term":[{"taxonomy":"category","embeddable":true,"href":"https:\/\/247stiri.ro\/index.php\/wp-json\/wp\/v2\/categories?post=44414"},{"taxonomy":"post_tag","embeddable":true,"href":"https:\/\/247stiri.ro\/index.php\/wp-json\/wp\/v2\/tags?post=44414"}],"curies":[{"name":"wp","href":"https:\/\/api.w.org\/{rel}","templated":true}]}}