{"id":4443,"date":"2024-11-04T17:02:15","date_gmt":"2024-11-04T17:02:15","guid":{"rendered":"https:\/\/247stiri.ro\/index.php\/2024\/11\/04\/vlad-pascu-ramane-dupa-gratii-judecatorii-i-au-prelungit-arestul-pana-la-inceputul-lui-2025\/"},"modified":"2024-11-04T17:02:15","modified_gmt":"2024-11-04T17:02:15","slug":"vlad-pascu-ramane-dupa-gratii-judecatorii-i-au-prelungit-arestul-pana-la-inceputul-lui-2025","status":"publish","type":"post","link":"https:\/\/247stiri.ro\/index.php\/2024\/11\/04\/vlad-pascu-ramane-dupa-gratii-judecatorii-i-au-prelungit-arestul-pana-la-inceputul-lui-2025\/","title":{"rendered":"Vlad Pascu r\u0103m\u00e2ne dup\u0103 gratii. Judec\u0103torii i-au prelungit arestul p\u00e2n\u0103 la \u00eenceputul lui 2025"},"content":{"rendered":"<p>\u201e\u00cen baza art. 362 alin. 2 Cod procedur\u0103 penal\u0103 raportat la art. 208 Cod procedur\u0103 penal\u0103, constat\u0103 legalitatea \u015fi temeinicia m\u0103surii arest\u0103rii preventive dispuse fa\u0163\u0103 de inculpatul Pascu Matei \u2013 Vlad, f\u0103r\u0103 antecedente penale, cercetat \u00een stare de arest preventiv pentru s\u0103v\u00e2r\u015firea infrac\u0163iunilor de ucidere din culp\u0103, v\u0103t\u0103mare corporal\u0103 din culp\u0103, conducerea unui vehicul sub influen\u0163a alcoolului sau a altor substan\u0163e \u015fi p\u0103r\u0103sirea locului accidentului\u201d, se arat\u0103 \u00een decizia publicat\u0103 pe\u00a0<a href=\"https:\/\/portal.just.ro\/254\/SitePages\/Dosar.aspx?id_dosar=25400000000105034&amp;id_inst=254\" target=\"_blank\" rel=\"noopener\">portalul justi\u021biei.<\/a><\/p>\n<p>\u00cen aceste condi\u021bii a fost dispus\u0103 prelungirea arestului preventiv, pentru perioada 04 noiembrie 2024 \u2013 2 ianuarie 2025.<\/p>\n<p><a title=\"Vlad Pascu ramane in arest preventiv! Soferul drogat care a omorat doi tineri a dat in judecata penitenciarul de trei ori\" href=\"https:\/\/www.realitatea.net\/stiri\/actual\/vlad-pascu-ramane-in-arest-preventiv-soferul-drogat-care-a-omorat-doi-tineri-a-dat-in-judecata-penitenciarul-de-trei-ori_672100b265fe71480556b642\">Vlad Pascu r\u0103m\u00e2ne \u00een arest preventiv! \u0218oferul drogat care a omor\u00e2t doi tineri a dat \u00een judecat\u0103 penitenciarul de trei ori<\/a><\/p>\n<p>Avoca\u021bii ap\u0103r\u0103rii au 48 de ore la dispozi\u021bie s\u0103 conteste decizia. Apelul va fi judecat de Tribunalul Constan\u021ba.<\/p>\n<p>Vlad Pascu se afl\u0103 dup\u0103 gratii din 20 august 2023.<\/p>\n<p><a title=\"Noi detalii in cazul accidentului de la 2 MAI: Dosarul lui Vlad Pascu si al parintilor sai, retrimis la DIICOT pentru refacerea rechizitoriului\" href=\"https:\/\/www.realitatea.net\/stiri\/actual\/noi-detalii-in-cazul-accidentului-de-la-2-mai-dosarul-lui-vlad-pascu-si-al-parintilor-sai-retrimis-la-diicot-pentru-refacerea-rechizitoriului_67268929ed9e5b50a514e8a2\">Noi detalii \u00een cazul accidentului de la 2 MAI: Dosarul lui Vlad Pascu \u0219i al p\u0103rin\u021bilor s\u0103i, retrimis la DIICOT pentru refacerea rechizitoriului<\/a><\/p>","protected":false},"excerpt":{"rendered":"<p>\u201e\u00cen baza art. 362 alin. 2 Cod procedur\u0103 penal\u0103 raportat la art. 208 Cod procedur\u0103&hellip;<\/p>\n","protected":false},"author":0,"featured_media":4444,"comment_status":"open","ping_status":"open","sticky":false,"template":"","format":"standard","meta":{"footnotes":""},"categories":[2],"tags":[],"class_list":["post-4443","post","type-post","status-publish","format-standard","has-post-thumbnail","hentry","category-actual"],"_links":{"self":[{"href":"https:\/\/247stiri.ro\/index.php\/wp-json\/wp\/v2\/posts\/4443","targetHints":{"allow":["GET"]}}],"collection":[{"href":"https:\/\/247stiri.ro\/index.php\/wp-json\/wp\/v2\/posts"}],"about":[{"href":"https:\/\/247stiri.ro\/index.php\/wp-json\/wp\/v2\/types\/post"}],"replies":[{"embeddable":true,"href":"https:\/\/247stiri.ro\/index.php\/wp-json\/wp\/v2\/comments?post=4443"}],"version-history":[{"count":0,"href":"https:\/\/247stiri.ro\/index.php\/wp-json\/wp\/v2\/posts\/4443\/revisions"}],"wp:featuredmedia":[{"embeddable":true,"href":"https:\/\/247stiri.ro\/index.php\/wp-json\/wp\/v2\/media\/4444"}],"wp:attachment":[{"href":"https:\/\/247stiri.ro\/index.php\/wp-json\/wp\/v2\/media?parent=4443"}],"wp:term":[{"taxonomy":"category","embeddable":true,"href":"https:\/\/247stiri.ro\/index.php\/wp-json\/wp\/v2\/categories?post=4443"},{"taxonomy":"post_tag","embeddable":true,"href":"https:\/\/247stiri.ro\/index.php\/wp-json\/wp\/v2\/tags?post=4443"}],"curies":[{"name":"wp","href":"https:\/\/api.w.org\/{rel}","templated":true}]}}