{"id":44440,"date":"2025-04-02T10:44:52","date_gmt":"2025-04-02T10:44:52","guid":{"rendered":"https:\/\/247stiri.ro\/index.php\/2025\/04\/02\/apel-umanitar-pentru-familia-dariei-fetita-care-a-murit-intr-un-tragic-accident-rutier-in-serbia\/"},"modified":"2025-04-02T10:44:52","modified_gmt":"2025-04-02T10:44:52","slug":"apel-umanitar-pentru-familia-dariei-fetita-care-a-murit-intr-un-tragic-accident-rutier-in-serbia","status":"publish","type":"post","link":"https:\/\/247stiri.ro\/index.php\/2025\/04\/02\/apel-umanitar-pentru-familia-dariei-fetita-care-a-murit-intr-un-tragic-accident-rutier-in-serbia\/","title":{"rendered":"Apel umanitar pentru familia Dariei, feti\u021ba care a murit \u00eentr-un tragic accident rutier \u00een Serbia"},"content":{"rendered":"<p>Trupurile ne\u00eensufle\u021bite ale feti\u021bei \u0219i tat\u0103lui acesteia se afl\u0103 la Serviciul de Medicin\u0103 Legal\u0103 din Serbia, iar dup\u0103 \u00eencheierea procedurilor familia va demara procedurile de repatriere.<\/p>\n\n<p><a href=\"https:\/\/www.realitatea.net\/stiri\/actual\/tragedie-la-granita-romaniei-tata-si-fiica-de-8-ani-morti-dupa-ce-ambulantele-romanesti-nu-au-fost-lasate-sa-treaca_67ea9be904b3380ee86aaac4#google_vignette\" target=\"_blank\">Tragedie la grani\u021ba Rom\u00e2niei: tat\u0103 \u0219i fiic\u0103 de 8 ani, mor\u021bi dup\u0103 ce ambulan\u021bele rom\u00e2ne\u0219ti nu au fost l\u0103sate s\u0103 treac\u0103<\/a><\/p>\n<p>\u00a0<\/p>","protected":false},"excerpt":{"rendered":"<p>Trupurile ne\u00eensufle\u021bite ale feti\u021bei \u0219i tat\u0103lui acesteia se afl\u0103 la Serviciul de Medicin\u0103 Legal\u0103 din&hellip;<\/p>\n","protected":false},"author":0,"featured_media":44435,"comment_status":"open","ping_status":"open","sticky":false,"template":"","format":"standard","meta":{"footnotes":""},"categories":[2],"tags":[],"class_list":["post-44440","post","type-post","status-publish","format-standard","has-post-thumbnail","hentry","category-actual"],"_links":{"self":[{"href":"https:\/\/247stiri.ro\/index.php\/wp-json\/wp\/v2\/posts\/44440","targetHints":{"allow":["GET"]}}],"collection":[{"href":"https:\/\/247stiri.ro\/index.php\/wp-json\/wp\/v2\/posts"}],"about":[{"href":"https:\/\/247stiri.ro\/index.php\/wp-json\/wp\/v2\/types\/post"}],"replies":[{"embeddable":true,"href":"https:\/\/247stiri.ro\/index.php\/wp-json\/wp\/v2\/comments?post=44440"}],"version-history":[{"count":0,"href":"https:\/\/247stiri.ro\/index.php\/wp-json\/wp\/v2\/posts\/44440\/revisions"}],"wp:featuredmedia":[{"embeddable":true,"href":"https:\/\/247stiri.ro\/index.php\/wp-json\/wp\/v2\/media\/44435"}],"wp:attachment":[{"href":"https:\/\/247stiri.ro\/index.php\/wp-json\/wp\/v2\/media?parent=44440"}],"wp:term":[{"taxonomy":"category","embeddable":true,"href":"https:\/\/247stiri.ro\/index.php\/wp-json\/wp\/v2\/categories?post=44440"},{"taxonomy":"post_tag","embeddable":true,"href":"https:\/\/247stiri.ro\/index.php\/wp-json\/wp\/v2\/tags?post=44440"}],"curies":[{"name":"wp","href":"https:\/\/api.w.org\/{rel}","templated":true}]}}