{"id":44443,"date":"2025-04-02T10:44:53","date_gmt":"2025-04-02T10:44:53","guid":{"rendered":"https:\/\/247stiri.ro\/index.php\/2025\/04\/02\/unde-a-fost-gasit-fanica-baiatul-de-4-ani-a-disparut-in-timp-ce-se-afla-in-grija-bunicii\/"},"modified":"2025-04-02T10:44:53","modified_gmt":"2025-04-02T10:44:53","slug":"unde-a-fost-gasit-fanica-baiatul-de-4-ani-a-disparut-in-timp-ce-se-afla-in-grija-bunicii","status":"publish","type":"post","link":"https:\/\/247stiri.ro\/index.php\/2025\/04\/02\/unde-a-fost-gasit-fanica-baiatul-de-4-ani-a-disparut-in-timp-ce-se-afla-in-grija-bunicii\/","title":{"rendered":"Unde a fost g\u0103sit F\u0103nic\u0103? B\u0103iatul, de 4 ani, a disp\u0103rut \u00een timp ce se afla \u00een grija bunicii"},"content":{"rendered":"<p>Copilul, care r\u0103t\u0103cise singur prin zon\u0103, era descul\u021b, dup\u0103 ce \u00ee\u0219i pierduse cizmele pe drum. Hainele sale erau murdare de noroi, \u00eens\u0103, din fericire, nu a fost victima vreunei infrac\u021biuni. \u201eMinorul a fost g\u0103sit \u00een extravilanul satului Stroe\u0219ti \u0219i a fost preluat de echipajul Serviciului de Ambulan\u021b\u0103 Jude\u021bean Mehedin\u021bi\u201d, a transmis Inspectoratul de Poli\u021bie Jude\u021bean (IPJ) Mehedin\u021bi.<\/p>\n<p>O mobilizare impresionant\u0103 pentru salvarea copilului<\/p>\n<p>B\u0103ie\u021belul se afla \u00een grija bunicii sale, iar la un moment dat s-a \u00eendep\u0103rtat, \u00eendrept\u00e2ndu-se spre p\u0103durea din apropiere. Speriat\u0103 c\u0103 nu \u00eel mai vede, bunica a alertat autorit\u0103\u021bile, sun\u00e2nd la 112.<\/p>\n<p><a href=\"https:\/\/www.realitatea.net\/stiri\/actual\/un-baiat-dat-disparut-prin-roalert-a-fost-gasit-datorita-vigilentei-unei-frizerite-unde-se-afla-minorul_67c598741a541449b27e1d72\" target=\"_blank\">C\u0103ut\u0103rile au mobilizat poli\u021bi\u0219ti<\/a>, jandarmi, pompieri \u0219i voluntari din sat, precum \u0219i un echipaj canin al IPJ Motru. De asemenea, Serviciul Salvamont a intervenit cu drone pentru a scana zona \u00een care copilul ar fi putut ajunge.<\/p>\n<p>O poveste cu final fericit<\/p>\n<p><a href=\"https:\/\/www.realitatea.net\/stiri\/actual\/alerta-de-copil-disparut-la-iasi-un-baiat-de-13-ani-a-plecat-la-scoala-si-nu-sa-mai-intors-unde-a-fost-vzut-ultima-data-video_6798cbc588ccf7032e6f1b73\" target=\"_blank\">La momentul dispari\u021biei,<\/a> F\u0103nic\u0103 purta o bluz\u0103 ro\u0219ie \u0219i cizme de cauciuc. Eforturile echipelor de interven\u021bie au dus la recuperarea sa \u00een siguran\u021b\u0103, evit\u00e2nd astfel un posibil deznod\u0103m\u00e2nt tragic.<\/p>\n<p>Acest caz aminte\u0219te de o alt\u0103 dispari\u021bie care a \u021binut Rom\u00e2nia cu sufletul la gur\u0103: cea a micu\u021bului Radu Ayan, un copil de 2 ani din Boto\u0219ani, care s-a pierdut anul trecut. Dup\u0103 24 de ore de c\u0103ut\u0103ri intense la care au participat sute de salvatori, b\u0103ie\u021belul a fost g\u0103sit teaf\u0103r.<\/p>\n<p>Oricine are informa\u021bii despre persoane disp\u0103rute este rugat s\u0103 apeleze de urgen\u021b\u0103 num\u0103rul 112 sau s\u0103 contacteze cea mai apropiat\u0103 unitate de poli\u021bie.<\/p>","protected":false},"excerpt":{"rendered":"<p>Copilul, care r\u0103t\u0103cise singur prin zon\u0103, era descul\u021b, dup\u0103 ce \u00ee\u0219i pierduse cizmele pe drum.&hellip;<\/p>\n","protected":false},"author":0,"featured_media":44444,"comment_status":"open","ping_status":"open","sticky":false,"template":"","format":"standard","meta":{"footnotes":""},"categories":[2],"tags":[],"class_list":["post-44443","post","type-post","status-publish","format-standard","has-post-thumbnail","hentry","category-actual"],"_links":{"self":[{"href":"https:\/\/247stiri.ro\/index.php\/wp-json\/wp\/v2\/posts\/44443","targetHints":{"allow":["GET"]}}],"collection":[{"href":"https:\/\/247stiri.ro\/index.php\/wp-json\/wp\/v2\/posts"}],"about":[{"href":"https:\/\/247stiri.ro\/index.php\/wp-json\/wp\/v2\/types\/post"}],"replies":[{"embeddable":true,"href":"https:\/\/247stiri.ro\/index.php\/wp-json\/wp\/v2\/comments?post=44443"}],"version-history":[{"count":0,"href":"https:\/\/247stiri.ro\/index.php\/wp-json\/wp\/v2\/posts\/44443\/revisions"}],"wp:featuredmedia":[{"embeddable":true,"href":"https:\/\/247stiri.ro\/index.php\/wp-json\/wp\/v2\/media\/44444"}],"wp:attachment":[{"href":"https:\/\/247stiri.ro\/index.php\/wp-json\/wp\/v2\/media?parent=44443"}],"wp:term":[{"taxonomy":"category","embeddable":true,"href":"https:\/\/247stiri.ro\/index.php\/wp-json\/wp\/v2\/categories?post=44443"},{"taxonomy":"post_tag","embeddable":true,"href":"https:\/\/247stiri.ro\/index.php\/wp-json\/wp\/v2\/tags?post=44443"}],"curies":[{"name":"wp","href":"https:\/\/api.w.org\/{rel}","templated":true}]}}