{"id":44459,"date":"2025-04-02T11:44:57","date_gmt":"2025-04-02T11:44:57","guid":{"rendered":"https:\/\/247stiri.ro\/index.php\/2025\/04\/02\/reactie-halucinanta-a-lui-macron-dupa-ce-justitia-a-scos-o-din-cursa-prezidentiala-pe-marine-le-pen-a-cerut-protectie-pentru-magistrati\/"},"modified":"2025-04-02T11:44:57","modified_gmt":"2025-04-02T11:44:57","slug":"reactie-halucinanta-a-lui-macron-dupa-ce-justitia-a-scos-o-din-cursa-prezidentiala-pe-marine-le-pen-a-cerut-protectie-pentru-magistrati","status":"publish","type":"post","link":"https:\/\/247stiri.ro\/index.php\/2025\/04\/02\/reactie-halucinanta-a-lui-macron-dupa-ce-justitia-a-scos-o-din-cursa-prezidentiala-pe-marine-le-pen-a-cerut-protectie-pentru-magistrati\/","title":{"rendered":"Reac\u021bie halucinant\u0103 a lui Macron, dup\u0103 ce justi\u021bia a scos-o din cursa preziden\u021bial\u0103 pe Marine Le Pen. A cerut protec\u021bie pentru magistra\u021bi"},"content":{"rendered":"<p>La dou\u0103 zile dup\u0103 condamnarea \u0219i scoaterea din cursa preziden\u021biala din 2027 a lui Marine Le Pen, pre\u0219edintele Republicii, Emmanuel Macron, a vorbit pentru prima dat\u0103 \u00een Consiliul de Mini\u0219tri miercuri, 2 aprilie, unde a \u201ereiterat\u201d c\u0103 justi\u021bia este \u201eindependent\u0103\u201d \u0219i c\u0103 \u201emagistra\u021bii trebuie proteja\u021bi\u201d, scrie <a href=\"https:\/\/www.lemonde.fr\/politique\/article\/2025\/04\/02\/condamnation-de-marine-le-pen-emmanuel-macron-a-rappele-en-conseil-des-ministres-que-la-justice-est-independante-et-que-les-magistrats-doivent-etre-proteges_6589949_823448.html?lmd_medium=pushweb&amp;lmd_campaign=pushweb&amp;lmd_titre=condamnation_de_marine_le_pen_emmanuel_macron_a_rappele_en_conseil_des_ministres_que_la_justice_est_independante_et_que_les_magistrats_doivent_etre_proteges&amp;lmd_ID=\" target=\"_blank\">Le Monde.<\/a><\/p>\n<p>\u0218eful statului a mai afirmat c\u0103 \u201eto\u021bi cei supu\u0219i justi\u021biei au drept de apel\u201d.\u00a0<\/p>\n<p><a title='Procurorul general francez, explicatii dupa a scos-o din cursa pe Marine Le Pen, pe model Calin Georgescu: \"Decizia nu este una politica\"' href=\"https:\/\/www.realitatea.net\/stiri\/extern\/procurorul-general-francez-explicatii-dupa-a-scoso-din-cursa-pe-marine-le-pen-pe-modrl-calin-georgescu-decizia-nu-este-una-politica_67ebce6c1ec4a645664ae412\">Procurorul general francez, explica\u021bii dup\u0103 a scos-o din curs\u0103 pe Marine Le Pen, pe model C\u0103lin Georgescu: &#8222;Decizia nu este una politic\u0103&#8221;<\/a><\/p>\n<p>Lidera suveranist\u0103 Marine Le Pen a fost condamnat\u0103, luni, la patru ani de \u00eenchisoare, dintre care doi cu suspendare \u0219i doi sub supraveghere electronic\u0103, pentru deturnare de fonduri europene. Decizia nu e definitiv\u0103, dar judec\u0103toarea i-a impus \u0219i o interdic\u021bie de a ocupa func\u021bii publice pe o perioad\u0103 de cinci ani, cu executare imediat\u0103, ceea ce echivaleaz\u0103 cu scoaterea din curs\u0103 la alegerile preziden\u021biale din 2027, pe care avea mari \u0219anse s\u0103 le c\u00e2\u0219tige.<\/p>\n<p><a title=\"Marine Le Pen, prima reactie dupa ce a fost executata politic pe model Calin Georgescu - VIDEO\" href=\"https:\/\/www.realitatea.net\/stiri\/actual\/marine-le-pen-prima-reactie-dupa-ce-a-fost-executata-politic-pe-model-calin-georgescu-video_67eb9166a3706362cd22ef73\">Marine Le Pen, prima reac\u021bie dup\u0103 ce a fost executat\u0103 politic pe model C\u0103lin Georgescu &#8211; VIDEO<\/a><a title=\"Avocata Elena Radu, despre cazul Marine Le Pen: Exact ca in Romania, se incearca blocarea opozitiei prin orice mijloace\" href=\"https:\/\/www.realitatea.net\/stiri\/editoriale\/avocata-elena-radu-despre-cazul-marine-le-pen-exact-ca-in-romania-se-incearca-blocarea-opozitiei-prin-orice-mijloace_67eb8aa511719135cd6d2202\">Avocata Elena Radu, despre cazul Marine Le Pen: Exact ca \u00een Rom\u00e2nia, se \u00eencearc\u0103 blocarea opozi\u021biei prin orice mijloace<\/a><\/p>\n<p>\u00a0<\/p>","protected":false},"excerpt":{"rendered":"<p>La dou\u0103 zile dup\u0103 condamnarea \u0219i scoaterea din cursa preziden\u021biala din 2027 a lui Marine&hellip;<\/p>\n","protected":false},"author":0,"featured_media":44460,"comment_status":"open","ping_status":"open","sticky":false,"template":"","format":"standard","meta":{"footnotes":""},"categories":[4],"tags":[],"class_list":["post-44459","post","type-post","status-publish","format-standard","has-post-thumbnail","hentry","category-extern"],"_links":{"self":[{"href":"https:\/\/247stiri.ro\/index.php\/wp-json\/wp\/v2\/posts\/44459","targetHints":{"allow":["GET"]}}],"collection":[{"href":"https:\/\/247stiri.ro\/index.php\/wp-json\/wp\/v2\/posts"}],"about":[{"href":"https:\/\/247stiri.ro\/index.php\/wp-json\/wp\/v2\/types\/post"}],"replies":[{"embeddable":true,"href":"https:\/\/247stiri.ro\/index.php\/wp-json\/wp\/v2\/comments?post=44459"}],"version-history":[{"count":0,"href":"https:\/\/247stiri.ro\/index.php\/wp-json\/wp\/v2\/posts\/44459\/revisions"}],"wp:featuredmedia":[{"embeddable":true,"href":"https:\/\/247stiri.ro\/index.php\/wp-json\/wp\/v2\/media\/44460"}],"wp:attachment":[{"href":"https:\/\/247stiri.ro\/index.php\/wp-json\/wp\/v2\/media?parent=44459"}],"wp:term":[{"taxonomy":"category","embeddable":true,"href":"https:\/\/247stiri.ro\/index.php\/wp-json\/wp\/v2\/categories?post=44459"},{"taxonomy":"post_tag","embeddable":true,"href":"https:\/\/247stiri.ro\/index.php\/wp-json\/wp\/v2\/tags?post=44459"}],"curies":[{"name":"wp","href":"https:\/\/api.w.org\/{rel}","templated":true}]}}