{"id":44467,"date":"2025-04-02T11:45:00","date_gmt":"2025-04-02T11:45:00","guid":{"rendered":"https:\/\/247stiri.ro\/index.php\/2025\/04\/02\/grav-accident-rutier-in-sibiu-un-motociclist-de-21-de-ani-a-fost-spulberat-de-o-masina\/"},"modified":"2025-04-02T11:45:00","modified_gmt":"2025-04-02T11:45:00","slug":"grav-accident-rutier-in-sibiu-un-motociclist-de-21-de-ani-a-fost-spulberat-de-o-masina","status":"publish","type":"post","link":"https:\/\/247stiri.ro\/index.php\/2025\/04\/02\/grav-accident-rutier-in-sibiu-un-motociclist-de-21-de-ani-a-fost-spulberat-de-o-masina\/","title":{"rendered":"Grav accident rutier \u00een Sibiu. Un motociclist de 21 de ani a fost spulberat de o ma\u0219in\u0103"},"content":{"rendered":"<p>Victima se afl\u0103 \u00een stare grav\u0103<\/p>\n<p><a href=\"https:\/\/www.realitatea.net\/stiri\/extern\/accident-rutier-fatidic-dupa-ce-o-soferita-a-incurcat-pedalele-a-cazut-cu-masina-de-la-etajul-5-al-unei-parcari-apoi-a-luat-foc_67ebd6df4ba65526267de162\" target=\"_blank\">Echipajele de urgen\u021b\u0103<\/a> sosite la fa\u021ba locului l-au stabilizat \u0219i l-au transportat de urgen\u021b\u0103 la spital, unde medicii se lupt\u0103 pentru a-i salva via\u021ba. Potrivit surselor medicale, starea sa este critic\u0103, iar acesta are nevoie urgent\u0103 de transfuzii de s\u00e2nge.<\/p>\n<p>Prietenii t\u00e2n\u0103rului au lansat un apel emo\u021bionant pe re\u021belele de socializare, solicit\u00e2nd ajutor din partea comunit\u0103\u021bii. &#8222;Oricine poate dona s\u00e2nge este rugat s\u0103 mearg\u0103 la cel mai apropiat centru de transfuzie \u0219i s\u0103 specifice c\u0103 doneaz\u0103 pentru prietenul nostru. Fiecare pic\u0103tur\u0103 conteaz\u0103!&#8221;, au scris ace\u0219tia.<\/p>\n<p><a href=\"https:\/\/www.realitatea.net\/stiri\/extern\/sfarsit-cumplit-pentru-o-femeie-de-67-de-ani-a-scapat-cu-viata-dupa-ce-sa-rasturnat-cu-masina-dar-a-murit-intrun-accident-neasteptat_67ebc711f7af7f1c8d66da12\" target=\"_blank\">Autorit\u0103\u021bile continu\u0103 cercet\u0103rile<\/a> pentru a stabili circumstan\u021bele exacte ale accidentului, urm\u00e2nd s\u0103 se stabileasc\u0103 cine se face vinovat de producerea tragediei.\u00a0<\/p>","protected":false},"excerpt":{"rendered":"<p>Victima se afl\u0103 \u00een stare grav\u0103 Echipajele de urgen\u021b\u0103 sosite la fa\u021ba locului l-au stabilizat&hellip;<\/p>\n","protected":false},"author":0,"featured_media":44468,"comment_status":"open","ping_status":"open","sticky":false,"template":"","format":"standard","meta":{"footnotes":""},"categories":[2],"tags":[],"class_list":["post-44467","post","type-post","status-publish","format-standard","has-post-thumbnail","hentry","category-actual"],"_links":{"self":[{"href":"https:\/\/247stiri.ro\/index.php\/wp-json\/wp\/v2\/posts\/44467","targetHints":{"allow":["GET"]}}],"collection":[{"href":"https:\/\/247stiri.ro\/index.php\/wp-json\/wp\/v2\/posts"}],"about":[{"href":"https:\/\/247stiri.ro\/index.php\/wp-json\/wp\/v2\/types\/post"}],"replies":[{"embeddable":true,"href":"https:\/\/247stiri.ro\/index.php\/wp-json\/wp\/v2\/comments?post=44467"}],"version-history":[{"count":0,"href":"https:\/\/247stiri.ro\/index.php\/wp-json\/wp\/v2\/posts\/44467\/revisions"}],"wp:featuredmedia":[{"embeddable":true,"href":"https:\/\/247stiri.ro\/index.php\/wp-json\/wp\/v2\/media\/44468"}],"wp:attachment":[{"href":"https:\/\/247stiri.ro\/index.php\/wp-json\/wp\/v2\/media?parent=44467"}],"wp:term":[{"taxonomy":"category","embeddable":true,"href":"https:\/\/247stiri.ro\/index.php\/wp-json\/wp\/v2\/categories?post=44467"},{"taxonomy":"post_tag","embeddable":true,"href":"https:\/\/247stiri.ro\/index.php\/wp-json\/wp\/v2\/tags?post=44467"}],"curies":[{"name":"wp","href":"https:\/\/api.w.org\/{rel}","templated":true}]}}