{"id":44469,"date":"2025-04-02T11:45:01","date_gmt":"2025-04-02T11:45:01","guid":{"rendered":"https:\/\/247stiri.ro\/index.php\/2025\/04\/02\/legea-impotriva-parlamentarilor-chiulangii-a-fost-promulgata-cum-vor-fi-pedepsiti-alesii-care-fenteaza-sedintele-legislativului\/"},"modified":"2025-04-02T11:45:01","modified_gmt":"2025-04-02T11:45:01","slug":"legea-impotriva-parlamentarilor-chiulangii-a-fost-promulgata-cum-vor-fi-pedepsiti-alesii-care-fenteaza-sedintele-legislativului","status":"publish","type":"post","link":"https:\/\/247stiri.ro\/index.php\/2025\/04\/02\/legea-impotriva-parlamentarilor-chiulangii-a-fost-promulgata-cum-vor-fi-pedepsiti-alesii-care-fenteaza-sedintele-legislativului\/","title":{"rendered":"Legea \u00eempotriva parlamentarilor chiulangii a fost promulgat\u0103. Cum vor fi pedepsi\u021bi ale\u0219ii care fenteaz\u0103 \u0219edin\u021bele Legislativului"},"content":{"rendered":"<p>\u201dNeparticiparea la cel pu\u021bin o activitate parlamentar\u0103 desf\u0103\u0219urat\u0103 \u00een sediul Camerei Deputa\u021bilor sau Senatului, dup\u0103 caz, \u00een cadrul programului \u0219i ordinii de zi aprobate de Biroul permanent, se consider\u0103 absen\u021b\u0103 nemotivat\u0103 \u0219i are drept consecin\u021b\u0103 re\u021binerea a 5% din indemniza\u021bia lunar\u0103 brut\u0103 a deputatului sau a senatorului, cu excep\u021bia motiv\u0103rii absen\u021belor\u201d, se arat\u0103 \u00een lege.Actul normativ prevede, de asemenea, c\u0103 deputa\u021bii \u0219i senatorii depun odat\u0103 cu declara\u021bia de avere \u0219i declara\u021bia de interese, la secretarul general al Camerei Deputa\u021bilor, respectiv al Senatului, un curriculum vitae, iar acesta se public\u0103 pe pagina de internet a institu\u021biei.\u00a0<\/p>\n<p><a title=\"Camera Deputatilor a respins motiunea de cenzura impotriva lui Catalin Predoiu\" href=\"https:\/\/www.realitatea.net\/stiri\/actual\/camera-deputatilor-a-respins-motiunea-de-cenzura-impotriva-lui-catalin-predoiu_67ed15b9c8f11315af4216b9\">Camera Deputatilor a respins mo\u021biunea de cenzur\u0103 \u00eempotriva lui C\u0103t\u0103lin Predoiu<\/a><\/p>","protected":false},"excerpt":{"rendered":"<p>\u201dNeparticiparea la cel pu\u021bin o activitate parlamentar\u0103 desf\u0103\u0219urat\u0103 \u00een sediul Camerei Deputa\u021bilor sau Senatului, dup\u0103&hellip;<\/p>\n","protected":false},"author":0,"featured_media":44462,"comment_status":"open","ping_status":"open","sticky":false,"template":"","format":"standard","meta":{"footnotes":""},"categories":[2],"tags":[],"class_list":["post-44469","post","type-post","status-publish","format-standard","has-post-thumbnail","hentry","category-actual"],"_links":{"self":[{"href":"https:\/\/247stiri.ro\/index.php\/wp-json\/wp\/v2\/posts\/44469","targetHints":{"allow":["GET"]}}],"collection":[{"href":"https:\/\/247stiri.ro\/index.php\/wp-json\/wp\/v2\/posts"}],"about":[{"href":"https:\/\/247stiri.ro\/index.php\/wp-json\/wp\/v2\/types\/post"}],"replies":[{"embeddable":true,"href":"https:\/\/247stiri.ro\/index.php\/wp-json\/wp\/v2\/comments?post=44469"}],"version-history":[{"count":0,"href":"https:\/\/247stiri.ro\/index.php\/wp-json\/wp\/v2\/posts\/44469\/revisions"}],"wp:featuredmedia":[{"embeddable":true,"href":"https:\/\/247stiri.ro\/index.php\/wp-json\/wp\/v2\/media\/44462"}],"wp:attachment":[{"href":"https:\/\/247stiri.ro\/index.php\/wp-json\/wp\/v2\/media?parent=44469"}],"wp:term":[{"taxonomy":"category","embeddable":true,"href":"https:\/\/247stiri.ro\/index.php\/wp-json\/wp\/v2\/categories?post=44469"},{"taxonomy":"post_tag","embeddable":true,"href":"https:\/\/247stiri.ro\/index.php\/wp-json\/wp\/v2\/tags?post=44469"}],"curies":[{"name":"wp","href":"https:\/\/api.w.org\/{rel}","templated":true}]}}