{"id":44470,"date":"2025-04-02T11:45:02","date_gmt":"2025-04-02T11:45:02","guid":{"rendered":"https:\/\/247stiri.ro\/index.php\/2025\/04\/02\/camera-deputatilor-a-respins-motiunea-de-cenzura-impotriva-lui-catalin-predoiu\/"},"modified":"2025-04-02T11:45:02","modified_gmt":"2025-04-02T11:45:02","slug":"camera-deputatilor-a-respins-motiunea-de-cenzura-impotriva-lui-catalin-predoiu","status":"publish","type":"post","link":"https:\/\/247stiri.ro\/index.php\/2025\/04\/02\/camera-deputatilor-a-respins-motiunea-de-cenzura-impotriva-lui-catalin-predoiu\/","title":{"rendered":"Camera Deputatilor a respins mo\u021biunea de cenzur\u0103 \u00eempotriva lui C\u0103t\u0103lin Predoiu"},"content":{"rendered":"<p>Au votat \u201epentru\u201d mo\u021biune 138 de deputa\u021bi, iar 161 au fost \u201d\u00eempotriv\u0103\u201d.<\/p>\n<p>Deputa\u021bii AUR au cerut, \u00een mo\u021biunea simpl\u0103 &#8222;De la democra\u021bie la regim hibrid: Rom\u00e2nia sub jugul poli\u021biei politice asmu\u021bite de ministrul Predoiu&#8221;, demiterea din func\u021bie a ministrului Afacerilor Interne \u0219i analiza \u00een vederea ini\u021bierii urm\u0103ririi penale a acestuia &#8222;pentru faptele s\u0103v\u00e2r\u0219ite \u00een exercitarea func\u021biei&#8221;.<\/p>\n<p>&#8222;Ast\u0103zi, ne afl\u0103m \u00een fa\u021ba unei realit\u0103\u021bi dureroase: democra\u021bia rom\u00e2neasc\u0103 este mai fragil\u0103 ca niciodat\u0103. Consecin\u021bele sunt deja vizibile \u0219i dureroase pentru rom\u00e2ni. Procesul de integrare \u00een programul Visa Waiver a fost suspendat, un semnal clar c\u0103 institu\u021biile interna\u021bionale nu mai au \u00eencredere \u00een respectarea statului de drept \u00een Rom\u00e2nia. Mai mult dec\u00e2t at\u00e2t, \u00een mod ru\u0219inos, \u021bara noastr\u0103 a devenit singurul stat membru al Uniunii Europene care nu mai este clasificat drept o democra\u021bie, fiind retrogradat\u0103 la statutul de \u201dregim hibrid&#8221;, conform clasamentului global realizat de Economist Intelligence Unit (EIU). Aceast\u0103 situa\u021bie dramatic\u0103 nu este \u00eent\u00e2mpl\u0103toare. Ea este \u0219i rezultatul direct al politicilor promovate de Ministerul Afacerilor Interne sub conducerea domnului C\u0103t\u0103lin Predoiu&#8221;, sus\u021bin semnatarii mo\u021biunii simple.<\/p>\n<p>Ministrul de Interne, C\u0103t\u0103lin Predoiu, a transmis, luni, c\u0103 se va prezenta \u00een Parlament la dezbaterea mo\u021biunii simple care a fost depus\u0103 \u00eempotriva sa, resping\u00e2nd astfel declara\u021bii ale reprezentan\u021bilor AUR potrivit c\u0103rora nu s-ar prezenta \u00een Legislativ.<\/p>\n<p><a title=\"Deputatii AUR au depus motiunea simpla impotriva ministrului Catalin Predoiu VIDEO\" href=\"https:\/\/www.realitatea.net\/stiri\/actual\/deputatii-aur-au-depus-motiunea-simpla-impotriva-ministrului-catalin-predoiu_67e3ca526f785a69377d5d32\">Deputa\u021bii AUR au depus mo\u021biunea simpl\u0103 \u00eempotriva ministrului C\u0103t\u0103lin Predoiu VIDEO<\/a><\/p>\n<p>&#8222;Am observat declara\u021biile recente ale domnului George Simion \u0219i ale partidului AUR potrivit c\u0103rora a\u0219 refuza s\u0103 m\u0103 prezint \u00een fa\u021ba Parlamentului cu prilejul mo\u021biunii simple. Aceast\u0103 afirma\u021bie este fals\u0103 \u0219i face parte dintr-un efort de dezinformare deliberat\u0103&#8221;, a scris Predoiu, pe Facebook.<\/p>\n<p>Potrivit lui Predoiu, practicile care apeleaz\u0103 la &#8216;distorsionarea realit\u0103\u021bii pentru a induce \u00een eroare opinia public\u0103 nu servesc interesului cet\u0103\u021benilor \u0219i nu au loc \u00eentr-un dialog politic onest&#8217;.<\/p>\n<p>&#8222;M-am prezentat \u00eentotdeauna \u00een fa\u021ba Parlamentului, \u00een toate momentele importante, inclusiv \u00eenainte de ridicarea MCV \u0219i de intrarea Rom\u00e2niei \u00een spa\u021biul Schengen. O voi face, firesc, \u0219i de aceast\u0103 dat\u0103. Respect Parlamentul \u0219i principiile statului de drept. \u00centotdeauna am considerat dezbaterea institu\u021bional\u0103 ca fiind esen\u021bial\u0103 \u00eentr-o democra\u021bie s\u0103n\u0103toas\u0103. Ce nu pot respecta sunt \u00eencerc\u0103rile repetate de a intoxica spa\u021biul public cu neadev\u0103ruri&#8221;, a subliniat ministrul de Interne.<\/p>\n<p>Predoiu a eviden\u021biat, totodat\u0103, c\u0103 &#8222;Rom\u00e2nia are nevoie de stabilitate, de decizii responsabile \u0219i de o cultur\u0103 a adev\u0103rului, nu de campanii de manipulare \u0219i politic\u0103-spectacol&#8221;.\u00a0<\/p>\n<p><a title='George Simion: \"Vor sa fraudeze alegerile iar, noi NU ii lasam: II POTCOVIM\". Ministrii Burduja si Predoiu, in vizorul AUR' href=\"https:\/\/www.realitatea.net\/stiri\/politica\/george-simion-vor-sa-fraudeze-alegerile-iar-noi-nu-ii-lasam-ii-potcovim-minitrii-burduja-si-predoiu-in-vizorul-aur_67ea42e4f7795c6419653c12\">George Simion: &#8222;Vor s\u0103 fraudeze alegerile iar, noi NU \u00eei l\u0103s\u0103m: \u00ceI POTCOVIM&#8221;. Mini\u0219trii Burduja \u0219i Predoiu, \u00een vizorul AUR<\/a><\/p>","protected":false},"excerpt":{"rendered":"<p>Au votat \u201epentru\u201d mo\u021biune 138 de deputa\u021bi, iar 161 au fost \u201d\u00eempotriv\u0103\u201d. Deputa\u021bii AUR au&hellip;<\/p>\n","protected":false},"author":0,"featured_media":44464,"comment_status":"open","ping_status":"open","sticky":false,"template":"","format":"standard","meta":{"footnotes":""},"categories":[2],"tags":[],"class_list":["post-44470","post","type-post","status-publish","format-standard","has-post-thumbnail","hentry","category-actual"],"_links":{"self":[{"href":"https:\/\/247stiri.ro\/index.php\/wp-json\/wp\/v2\/posts\/44470","targetHints":{"allow":["GET"]}}],"collection":[{"href":"https:\/\/247stiri.ro\/index.php\/wp-json\/wp\/v2\/posts"}],"about":[{"href":"https:\/\/247stiri.ro\/index.php\/wp-json\/wp\/v2\/types\/post"}],"replies":[{"embeddable":true,"href":"https:\/\/247stiri.ro\/index.php\/wp-json\/wp\/v2\/comments?post=44470"}],"version-history":[{"count":0,"href":"https:\/\/247stiri.ro\/index.php\/wp-json\/wp\/v2\/posts\/44470\/revisions"}],"wp:featuredmedia":[{"embeddable":true,"href":"https:\/\/247stiri.ro\/index.php\/wp-json\/wp\/v2\/media\/44464"}],"wp:attachment":[{"href":"https:\/\/247stiri.ro\/index.php\/wp-json\/wp\/v2\/media?parent=44470"}],"wp:term":[{"taxonomy":"category","embeddable":true,"href":"https:\/\/247stiri.ro\/index.php\/wp-json\/wp\/v2\/categories?post=44470"},{"taxonomy":"post_tag","embeddable":true,"href":"https:\/\/247stiri.ro\/index.php\/wp-json\/wp\/v2\/tags?post=44470"}],"curies":[{"name":"wp","href":"https:\/\/api.w.org\/{rel}","templated":true}]}}