{"id":44478,"date":"2025-04-02T12:44:55","date_gmt":"2025-04-02T12:44:55","guid":{"rendered":"https:\/\/247stiri.ro\/index.php\/2025\/04\/02\/galati-exemplu-de-bune-practici-in-gestionarea-parcarilor-urbane\/"},"modified":"2025-04-02T12:44:55","modified_gmt":"2025-04-02T12:44:55","slug":"galati-exemplu-de-bune-practici-in-gestionarea-parcarilor-urbane","status":"publish","type":"post","link":"https:\/\/247stiri.ro\/index.php\/2025\/04\/02\/galati-exemplu-de-bune-practici-in-gestionarea-parcarilor-urbane\/","title":{"rendered":"Gala\u021bi \u2013 exemplu de bune practici \u00een gestionarea parc\u0103rilor urbane"},"content":{"rendered":"<p>La Gala\u021bi, \u00eens\u0103, administra\u021bia local\u0103 a f\u0103cut pa\u0219i concre\u021bi pentru rezolvarea acestei probleme: eliberarea trotuarelor, degajarea primei benzi de circula\u021bie \u0219i dezvoltarea de solu\u021bii moderne, cum ar fi parc\u0103rile supraetajate, sunt doar c\u00e2teva dintre m\u0103surile deja implementate.<\/p>\n<p>\u00a0<\/p>\n<p>Parc\u0103ri supraetajate, solu\u021bia pentru zonele aglomerate<\/p>\n<p>\u00a0<\/p>\n<p><a href=\"https:\/\/www.primariagalati.ro\/\">Municipiul Gala\u021bi<\/a> este \u00een plin proces de construire a unor parc\u0103ri supraetajate, menite s\u0103 r\u0103spund\u0103 cererii mari din cartierele dense. Primele rezultate sunt deja vizibile \u00een cartierul Mazepa, unde o astfel de parcare \u0219i-a dovedit utilitatea, iar proiecte similare sunt \u00een plin\u0103 derulare.<\/p>\n<p>\u00a0<\/p>\n<p>\u201eEste limpede c\u0103 num\u0103rul ma\u0219inilor este \u00eentr-o continu\u0103 cre\u0219tere, asta \u00eensemn\u00e2nd \u0219i cre\u0219terea nivelului de trai din ora\u0219, \u00eens\u0103 aceasta vine la pachet cu o situa\u021bie care trebuie rezolvat\u0103 repede. Astfel, am analizat foarte bine zonele \u00een care se preteaz\u0103 ridicarea de parc\u0103ri supraetajate \u0219i avans\u0103m foarte bine cu lucr\u0103rile. Nu ne vom opri aici deoarece modernizarea cartierelor este o prioritate&#8221;, a declarat primarul municipiului <a href=\"https:\/\/www.primariagalati.ro\/\">Gala\u021bi<\/a>, Ionu\u021b Pucheanu.<\/p>\n\n<p>Un alt exemplu este parcarea din cartierul Micro 21, care valorific\u0103 spa\u021biul vertical pe o suprafa\u021b\u0103 de 10.000 de metri p\u0103tra\u021bi \u0219i ofer\u0103 aproape 500 de locuri. Unul dintre aspectele inovative ale proiectului este amenajarea unui teren multisport pe terasa cl\u0103dirii, care va ad\u0103uga valoare zonei, oferindu-le locuitorilor un spa\u021biu dedicat activit\u0103\u021bilor recreative \u0219i sportive.<\/p>\n<p>\u00a0<\/p>\n<p>\u00cen paralel, se lucreaz\u0103 la o alt\u0103 parcare supraetajat\u0103 \u00een Micro 39, iar \u00een zona Spitalului de Copii a \u00eenceput construc\u021bia unei parc\u0103ri care va avea deasupra un parc. Aceasta va fi util\u0103 at\u00e2t personalului medical \u0219i vizitatorilor, c\u00e2t \u0219i locuitorilor din zon\u0103, contribuind la fluidizarea traficului \u00eentr-una dintre cele mai aglomerate p\u0103r\u021bi ale ora\u0219ului.<\/p>\n<p>\u00a0<\/p>\n<p>Parc\u0103ri spa\u021bioase \u00een locul garajelor<\/p>\n<p>\u00a0<\/p>\n<p>Un alt proiect major al administra\u021biei locale este eliminarea garajelor vechi, inestetice \u0219i nefunc\u021bionale, \u00een favoarea unor parc\u0103ri moderne. \u00cen cartierul Micro 20, de exemplu, sunt atribuite \u00een aceast\u0103 perioad\u0103 peste 1.000 de locuri noi de parcare, rezultate \u00een urma reconversiei unor terenuri ocupate anterior de garaje. Aceast\u0103 transformare contribuie nu doar la rezolvarea problemei locurilor de parcare, ci \u0219i la \u00eembun\u0103t\u0103\u021birea aspectului urban \u0219i la revitalizarea spa\u021biului public.<\/p>\n\n<p>\u00a0<\/p>\n<p>Un model pentru alte ora\u0219e <\/p>\n<p>\u00a0<\/p>\n<p>Prin implementarea acestor solu\u021bii inovative, Gala\u021biul ofer\u0103 un exemplu de bune practici \u00een gestionarea unei probleme urbane presante. Parc\u0103rile supraetajate, modernizarea infrastructurii existente \u0219i reconversia spa\u021biilor neutilizate reflect\u0103 o viziune coerent\u0103 \u0219i un efort real de adaptare la nevoile actuale ale locuitorilor. Pe m\u0103sur\u0103 ce aceste proiecte continu\u0103, Gala\u021biul devine un ora\u0219 mai accesibil, mai bine organizat \u0219i mai prietenos pentru to\u021bi participan\u021bii la trafic \u2013 un exemplu concret c\u0103 modernizarea urban\u0103 este posibil\u0103 \u0219i eficient\u0103.<\/p>\n<p>\u00a0<\/p>","protected":false},"excerpt":{"rendered":"<p>La Gala\u021bi, \u00eens\u0103, administra\u021bia local\u0103 a f\u0103cut pa\u0219i concre\u021bi pentru rezolvarea acestei probleme: eliberarea trotuarelor,&hellip;<\/p>\n","protected":false},"author":0,"featured_media":44479,"comment_status":"open","ping_status":"open","sticky":false,"template":"","format":"standard","meta":{"footnotes":""},"categories":[2],"tags":[],"class_list":["post-44478","post","type-post","status-publish","format-standard","has-post-thumbnail","hentry","category-actual"],"_links":{"self":[{"href":"https:\/\/247stiri.ro\/index.php\/wp-json\/wp\/v2\/posts\/44478","targetHints":{"allow":["GET"]}}],"collection":[{"href":"https:\/\/247stiri.ro\/index.php\/wp-json\/wp\/v2\/posts"}],"about":[{"href":"https:\/\/247stiri.ro\/index.php\/wp-json\/wp\/v2\/types\/post"}],"replies":[{"embeddable":true,"href":"https:\/\/247stiri.ro\/index.php\/wp-json\/wp\/v2\/comments?post=44478"}],"version-history":[{"count":0,"href":"https:\/\/247stiri.ro\/index.php\/wp-json\/wp\/v2\/posts\/44478\/revisions"}],"wp:featuredmedia":[{"embeddable":true,"href":"https:\/\/247stiri.ro\/index.php\/wp-json\/wp\/v2\/media\/44479"}],"wp:attachment":[{"href":"https:\/\/247stiri.ro\/index.php\/wp-json\/wp\/v2\/media?parent=44478"}],"wp:term":[{"taxonomy":"category","embeddable":true,"href":"https:\/\/247stiri.ro\/index.php\/wp-json\/wp\/v2\/categories?post=44478"},{"taxonomy":"post_tag","embeddable":true,"href":"https:\/\/247stiri.ro\/index.php\/wp-json\/wp\/v2\/tags?post=44478"}],"curies":[{"name":"wp","href":"https:\/\/api.w.org\/{rel}","templated":true}]}}