{"id":44482,"date":"2025-04-02T12:44:57","date_gmt":"2025-04-02T12:44:57","guid":{"rendered":"https:\/\/247stiri.ro\/index.php\/2025\/04\/02\/scandal-in-fata-tribunalului-bucuresti-stegarul-dac-tarat-de-politisti-si-legat-de-targa\/"},"modified":"2025-04-02T12:44:57","modified_gmt":"2025-04-02T12:44:57","slug":"scandal-in-fata-tribunalului-bucuresti-stegarul-dac-tarat-de-politisti-si-legat-de-targa","status":"publish","type":"post","link":"https:\/\/247stiri.ro\/index.php\/2025\/04\/02\/scandal-in-fata-tribunalului-bucuresti-stegarul-dac-tarat-de-politisti-si-legat-de-targa\/","title":{"rendered":"Scandal \u00een fa\u021ba Tribunalului Bucure\u0219ti. Stegarul Dac, t\u00e2r\u00e2t de poli\u021bi\u0219ti \u0219i legat de targ\u0103"},"content":{"rendered":"<p>Ini\u021bial, Stegarul Dac s-a urcat \u00eentr-un copac in fa\u021ba tribunalului, dar a fost convins s\u0103 coboare de bun\u0103voie.<\/p>\n\n<p>De \u00eendat\u0103 ce a cobor\u00e2t, poli\u021bi\u0219tii au purtat o serie de discu\u021bii cu el, dup\u0103 care au decis s\u0103 \u00eel duc\u0103 la sec\u021bia de poli\u021bie. \u00centruc\u00e2t nu a fost de acord, for\u021bele de ordine l-au t\u00e2r\u00e2t pe protestatar p\u00e2n\u0103 la ma\u0219ina de poli\u021bie, unde au \u00eencercat s\u0103 \u00eel bage cu for\u021ba, \u00eens\u0103 eforturile lor au fost zadarnice, \u00eentruc\u00e2t acesta s-a opus cu toate puterile.<\/p>\n\n<p>Ulterior, poli\u021bi\u0219tii l-au t\u00e2r\u00e2t spre o ambulan\u021ba, unde au reu\u0219it, dup\u0103 eforturi prelungite, s\u0103 \u00eel urce pe o targ\u0103 \u0219i apoi s\u0103 \u00eel bage \u00een ambulan\u021b\u0103. Toate acestea \u00een timp ce protestatarii aduna\u021bi \u00een fa\u021ba tribunalului \u00ee\u0219i manifestau dezaprobarea \u0219i \u00eei \u00eentrebau pe poli\u021bi\u0219ti care este motivul ac\u021biunii lor.<\/p>\n\n<p>Crina E\u0219anu, purt\u0103tor de cuv\u00e2nt al Poli\u021biei Capitalei, a venit, la Realitatea Plus, cu explica\u021bii suplimentare pe marginea acestui incident:<\/p>\n<p>Realitatea Plus: De ce era nevoie de o asemenea interven\u021bie \u00een for\u021b\u0103, mai ales c\u0103, din ceea ce ne spun colegii, stegarul dac s-a dat jos singur de acolo din copac. Era ceva ce nu putea fi discutat cu el?<\/p>\n<p>Crina E\u0219anu: A\u0219 vrea s\u0103 reiterez faptul c\u0103 ast\u0103zi am fost semnala\u021bi cu privire la faptul c\u0103 acest b\u0103rbat s-a urcat \u00eentr-un copac, aflat \u00een zona Tribunalului Bucure\u0219ti, pun\u00e2nd astfel \u00een pericol at\u00e2t propria sa siguran\u021b\u0103, c\u00e2t \u0219i siguran\u021ba persoanelor care se afl\u0103 \u00een zon\u0103.<\/p>\n<p><a title='Protest la arestul central, romanii cer eliberarea influecerului Bogdan Peschir, alias \"BogPR\" - VIDEO' href=\"https:\/\/www.realitatea.net\/stiri\/actual\/protest-la-arestul-central-romanii-cer-eliberarea-influecerului-bogdan-peschir-alias-bogpr-video_67e1848fb12e1e4f5f4e523b\">Protest la arestul central, rom\u00e2nii cer eliberarea influecerului Bogdan Pe\u0219chir, alias &#8222;BogPR&#8221; &#8211; VIDEO<\/a><\/p>\n<p>Aici trebuie s\u0103 lu\u0103m \u00een calcul faptul c\u0103, dac\u0103 s-ar fi \u00eent\u00e2mplat s\u0103 cad\u0103, o persoan\u0103 din jurul s\u0103u ar fi putut fi r\u0103nit\u0103. Av\u00e2nd \u00een vedere aceste aspecte, poli\u021bi\u0219tii au desf\u0103\u0219urat activit\u0103\u021bi at\u00e2t \u00een vederea protej\u0103rii persoanei \u00een cauz\u0103, dar \u0219i a persoanelor care tranziteaz\u0103 zona. \u00cen aceast\u0103 situa\u021bie, au fost dispuse de \u00eendat\u0103 m\u0103surile pentru delimitarea perimetrului.<\/p>\n<p>Realitatea Plus: Dar era nevoie de o interven\u021bie \u00een for\u021b\u0103 sau e un pic dispropor\u021bionat\u0103 for\u021ba cu care s-a intervenit?<\/p>\n<p>Crina E\u0219anu: Dup\u0103 cum observa\u021bi \u0219i dumneavoastr\u0103 \u00een imagini, ini\u021bial s-a purtat un dialog cu aceast\u0103 persoan\u0103 \u00een cauz\u0103, ulterior i s-a adus la cuno\u0219tin\u021b\u0103 faptul c\u0103 va fi adus la sediul sec\u021biei 10 de poli\u021bie pentru m\u0103surile legale \u0219i pentru a se face verific\u0103ri suplimentare.<\/p>\n<p>Av\u00e2nd \u00een vedere c\u0103 ieri a fost dispus\u0103 m\u0103sura controlului judiciar de c\u0103tre un procuror din cadrul Parchetului de pe l\u00e2ng\u0103 Judec\u0103toria Sectorului 1 sub aspectul s\u0103v\u00e2r\u0219irii infrac\u021biunii de ultraj, de asemenea, odat\u0103 cu dispunerea acestei m\u0103suri, b\u0103rbatul are printre obliga\u021biile impuse s\u0103 nu participe la adun\u0103ri publice, s\u0103 nu se apropie de zona arestului central al Poli\u021biei Capitalei \u0219i s\u0103 poarte br\u0103\u021bar\u0103 electronic\u0103.<\/p>\n<p><a title=\"Stegarul dac, plasat sub control judiciar pentru 60 de zile. Ce obligatii are in aceasta perioada \" href=\"https:\/\/www.realitatea.net\/stiri\/actual\/stegarul-dac-plasat-sub-control-judiciar-pentru-60-de-zile-ce-obligatii-are-in-aceasta-perioada_67ec401eb037e13df8140652\">Stegarul dac, plasat sub control judiciar pentru 60 de zile. Ce obliga\u021bii are \u00een aceast\u0103 perioad\u0103<\/a><\/p>\n<p>Ulterior, Poli\u021bia Capitalei a revenit cu un comunicat oficial:<\/p>\n<p>\u201e\u00cen jurul orei 14:15, b\u0103rbatul a \u00eencetat ac\u021biunile sale, fiind preluat de un echipaj de poli\u021bie.<\/p>\n<p>Av\u00e2nd \u00een vedere comportamentul s\u0103u agitat \u0219i necooperant, pentru asigurarea siguran\u021bei persoanei, a fost solicitat sprijinul unui echipaj de Ambulan\u021b\u0103, care l-a transportat la unitatea spitaliceasc\u0103 pentru acordarea \u00eengrijirilor medicale de specialitate.<\/p>\n<p>Interven\u021bia poli\u021biei s-a desf\u0103\u0219urat \u00een strict\u0103 conformitate cu principiile legalit\u0103\u021bii, gradualit\u0103\u021bii \u0219i propor\u021bionalit\u0103\u021bii.<\/p>\n<p>\u00cen urma acestui incident, b\u0103rbatul va fi sanc\u021bionat contraven\u021bional, \u00een conformitate cu dispozi\u021biile articolului 2, punctul 1 din Legea 61\/1991.<\/p>\n<p>Ast\u0103zi, 2 aprilie 2025, poli\u021bi\u0219ti din cadrul Direc\u021biei Generale de Poli\u021bie a Municipiului Bucure\u0219ti &#8211; Sec\u021bia 10 Poli\u021bie au fost sesiza\u021bi cu privire la faptul c\u0103 o persoan\u0103 s-ar fi urcat \u00eentr-un copac, aflat \u00een zona Tribunalului Bucure\u0219ti, pun\u00e2nd astfel \u00een pericol at\u00e2t propria siguran\u021b\u0103, c\u00e2t \u0219i siguran\u021ba persoanelor care se afl\u0103 \u00een zon\u0103.<\/p>\n<p>La fa\u021ba locului a fost identificat un b\u0103rbat, \u00een v\u00e2rst\u0103 de 58 de ani.<\/p>\n<p>Men\u021bion\u0103m faptul c\u0103 \u00een acest moment se desf\u0103\u0219oar\u0103 activit\u0103\u021bi \u00een vederea protej\u0103rii persoanei \u00een cauz\u0103, dar \u0219i a persoanelor care tranziteaz\u0103 zona.<\/p>\n<p>Preciz\u0103m faptul c\u0103, \u00een aceast\u0103 situa\u021bie au fost dispuse de \u00eendat\u0103 toate m\u0103surile \u00een vederea delimit\u0103rii perimetrului.<\/p>\n<p>De asemenea, au fost solicitate \u0219i echipele de negociatori, din cadrul Serviciului pentru Ac\u021biuni Speciale, care vor rela\u021biona cu b\u0103rbatul \u00een cauz\u0103.<\/p>\n<p>Men\u021bion\u0103m faptul c\u0103 siguran\u021ba cet\u0103\u021benilor este prioritar\u0103 \u00een cazul unor astfel de interven\u021bii.<\/p>\n<p>\u00cen prezent activit\u0103\u021bile sunt \u00een dinamic\u0103\u201d, a transmis DGPMB \u00een comunicat.<\/p>","protected":false},"excerpt":{"rendered":"<p>Ini\u021bial, Stegarul Dac s-a urcat \u00eentr-un copac in fa\u021ba tribunalului, dar a fost convins s\u0103&hellip;<\/p>\n","protected":false},"author":0,"featured_media":44483,"comment_status":"open","ping_status":"open","sticky":false,"template":"","format":"standard","meta":{"footnotes":""},"categories":[2],"tags":[],"class_list":["post-44482","post","type-post","status-publish","format-standard","has-post-thumbnail","hentry","category-actual"],"_links":{"self":[{"href":"https:\/\/247stiri.ro\/index.php\/wp-json\/wp\/v2\/posts\/44482","targetHints":{"allow":["GET"]}}],"collection":[{"href":"https:\/\/247stiri.ro\/index.php\/wp-json\/wp\/v2\/posts"}],"about":[{"href":"https:\/\/247stiri.ro\/index.php\/wp-json\/wp\/v2\/types\/post"}],"replies":[{"embeddable":true,"href":"https:\/\/247stiri.ro\/index.php\/wp-json\/wp\/v2\/comments?post=44482"}],"version-history":[{"count":0,"href":"https:\/\/247stiri.ro\/index.php\/wp-json\/wp\/v2\/posts\/44482\/revisions"}],"wp:featuredmedia":[{"embeddable":true,"href":"https:\/\/247stiri.ro\/index.php\/wp-json\/wp\/v2\/media\/44483"}],"wp:attachment":[{"href":"https:\/\/247stiri.ro\/index.php\/wp-json\/wp\/v2\/media?parent=44482"}],"wp:term":[{"taxonomy":"category","embeddable":true,"href":"https:\/\/247stiri.ro\/index.php\/wp-json\/wp\/v2\/categories?post=44482"},{"taxonomy":"post_tag","embeddable":true,"href":"https:\/\/247stiri.ro\/index.php\/wp-json\/wp\/v2\/tags?post=44482"}],"curies":[{"name":"wp","href":"https:\/\/api.w.org\/{rel}","templated":true}]}}