{"id":44488,"date":"2025-04-02T12:44:59","date_gmt":"2025-04-02T12:44:59","guid":{"rendered":"https:\/\/247stiri.ro\/index.php\/2025\/04\/02\/mai-multi-militari-si-au-luat-concediu-de-crestere-a-copilului-dar-au-plecat-sa-lupte-ca-mercenari-in-congo-mapn-a-dispus-verificari\/"},"modified":"2025-04-02T12:44:59","modified_gmt":"2025-04-02T12:44:59","slug":"mai-multi-militari-si-au-luat-concediu-de-crestere-a-copilului-dar-au-plecat-sa-lupte-ca-mercenari-in-congo-mapn-a-dispus-verificari","status":"publish","type":"post","link":"https:\/\/247stiri.ro\/index.php\/2025\/04\/02\/mai-multi-militari-si-au-luat-concediu-de-crestere-a-copilului-dar-au-plecat-sa-lupte-ca-mercenari-in-congo-mapn-a-dispus-verificari\/","title":{"rendered":"Mai mul\u021bi militari \u0219i-au luat concediu de cre\u0219tere a copilului, dar au plecat s\u0103 lupte ca mercenari \u00een Congo. MApN a dispus verific\u0103ri"},"content":{"rendered":"<p>\u201eMinistrul ap\u0103r\u0103rii na\u021bionale, Angel T\u00eelv\u0103r, a dispus, la sf\u00e2r\u0219itul lunii februarie, verific\u0103ri la nivelul \u00eentregii structuri de for\u021be a Armatei Rom\u00e2niei, cu privire la posibilitatea ca personal activ din Ministerul Ap\u0103r\u0103rii Na\u021bionale, aflat \u00een perioad\u0103 de suspendare temporar\u0103 a raporturilor de serviciu cu institu\u021bia, s\u0103 fi desf\u0103\u0219urat activit\u0103\u021bi \u00een companii private de securitate rom\u00e2ne\u0219ti, care au activat recent \u00een Republica Democratic\u0103 Congo. Verific\u0103rile au acoperit toate formele de concedii \u0219i perioade libere la care are dreptul personalul MApN\u201d, anun\u021b\u0103 Armata.<\/p>\n<p>Din verific\u0103rile efectuate, a rezultat c\u0103, \u00een total, 466 de militari rezervi\u0219ti care provin din Ministerul Ap\u0103r\u0103rii Na\u021bionale au semnat, dup\u0103 trecerea \u00een rezerv\u0103, contracte pe diferite perioade cu companii de securitate care au activat \u00een R.D. Congo. Ace\u0219ti militari au trecut \u00een rezerv\u0103 la limita de v\u00e2rst\u0103, prin demisie sau din motive medicale.<\/p>\n<p>Militari afla\u021bi \u00een concediu de cre\u0219tere a copilului, angaja\u021bi ca mercenari \u00een Congo<\/p>\n<p>\u201eDin datele ob\u021binute p\u00e2n\u0103 la acest moment, nu au fost identificate cazuri \u00een care cadre militare active aflate \u00een concediu f\u0103r\u0103 plat\u0103, a\u0219a cum este prev\u0103zut la art. 14 din Legea nr. 80 din 11 iulie 1995 privind statutul cadrelor militare, s\u0103 se fi deplasat, \u00een perioadele respective, \u00een R.D. Congo, pentru a desf\u0103\u0219ura activit\u0103\u021bi \u00een cadrul unor companii de securitate private\u201d, transmite ministerul.<\/p>\n<p>\u201ePrin extinderea verific\u0103rilor \u0219i la alte forme de concediu care presupun suspendarea temporar\u0103 a raporturilor de munc\u0103 pentru personalul militar \u00een activitate, au fost identifica\u021bi \u0219apte militari \u00een activitate \u2013 doi subofi\u021beri \u0219i cinci solda\u021bi profesioni\u0219ti care, pe timpul concediului de cre\u0219tere a copilului \u00een v\u00e2rsta de p\u00e2n\u0103 la doi ani, ob\u021binut \u00een mod legal (\u2026) au desf\u0103\u0219urat, \u00een mod nejustificat, activit\u0103\u021bi \u00een R.D. Congo, \u00een perioade diferite, \u00een intervalul 2023 \u2013 \u00eenceputul anului 2025, din calitatea de angajat temporar \u00een companii de securitate\u201d, anun\u021b\u0103 MApN.<\/p>\n<p>MApN sesizeaz\u0103 Parchetul<\/p>\n<p>Potrivit instituiei, cercet\u0103rile efectuate p\u00e2n\u0103 la acest moment reliefeaz\u0103 c\u0103 ace\u0219ti militari au \u00eenc\u0103lcat mai multe prevederi legale \u0219i normative, printre care: p\u0103r\u0103sirea teritoriului na\u021bional f\u0103r\u0103 aprobare, interzicerea \u00eendeplinirii altor func\u021bii \u00een afara celor pe care sunt \u00eencadra\u021bi sau cele referitoare la plata \u00eendemniza\u021biei lunare pentru cre\u0219terea copilului, care se acord\u0103 \u00een situa\u021bia \u00een care solicitantul locuie\u0219te \u00een Rom\u00e2nia \u00eempreun\u0103 cu copilul \/ copiii pentru care solicit\u0103 drepturile \u0219i se ocup\u0103 de cre\u0219terea \u0219i \u00eengrijirea acestora. Trei dintre ace\u0219ti militari se afl\u0103 \u00eenc\u0103 \u00een concediu de cre\u0219tere a copilului, iar patru dintre ei s-au \u00eentors la unit\u0103\u021bi.<\/p>\n<p>Pentru unul dintre ace\u0219ti \u0219apte militari s-au finalizat deja cercet\u0103rile, fiind sesizat Parchetul Militar, urm\u00e2nd ca \u0219i \u00een celelalte \u0219ase cazuri s\u0103 fie aplicate m\u0103suri similare. \u00cen paralel, au fost ini\u021biate demersuri de natur\u0103 disciplinar\u0103 \u0219i administrativ\u0103, acestea urm\u00e2nd a fi finalizate dup\u0103 pronun\u021barea Parchetului Militar asupra \u00eencadr\u0103rii penale a faptelor, anun\u021b\u0103 institu\u021bia.<\/p>\n<p>Militari \u00een rezerv\u0103 care au fost \u00een Congo, reangaja\u021bi \u00een MApN<\/p>\n<p>Mai mult, MApN anun\u021b\u0103 c\u0103 din alte verific\u0103ri extinse a descoperit c\u0103 al\u021bi 24 de militari, \u201ecare au trecut \u00een rezerv\u0103 prin demisie, \u00een anii anteriori, \u0219i, ulterior, au activat \u00een cadrul unor companii private de securitate din Congo, au fost accepta\u021bi s\u0103 se \u00eentoarc\u0103 \u00een activitate, \u00een perioada 2023-2024, fiind, la acest moment, \u00eencadra\u021bi \u00een diferite unit\u0103\u021bi militare din MApN\u201d<\/p>\n<p>MApN spune c\u0103 exist\u0103 o baz\u0103 legal\u0103 pentru reangajarea lor care spune c\u0103 \u201e\u00een func\u021bie de nevoile institu\u021biei militare, solda\u021bii \u0219i grada\u021bii profesioni\u0219ti cu o vechime \u00een serviciu de cel pu\u021bin 4 ani, trecu\u021bi \u00een rezerv\u0103 \u00een temeiul art. 45 alin. (1) lit. b), e)-g) \u0219i i), care au v\u00e2rsta de p\u00e2n\u0103 la 45 de ani, pot fi rechema\u021bi \u00een activitate dac\u0103 s-au aflat \u00een rezerv\u0103 mai pu\u021bin de 4 ani ne\u00eentrerupt\u201d.<\/p>\n<p>\u201eDe\u0219i rechemarea \u00een activitate a acestor militari nu prezint\u0103 vulnerabilit\u0103\u021bi semnificative din punct de vedere al securit\u0103\u021bii na\u021bionale, to\u021bi fiind \u00eencadra\u021bi pe func\u021bii aflate la baza ierarhiei militare, iar nivelul de acces la informa\u021bii clasificate este la treapta minim\u0103, au fost dispuse m\u0103suri suplimentare de verificare \u0219i monitorizare pentru fiecare caz \u00een parte, urm\u00e2nd ca, \u00een func\u021bie de rezultate, s\u0103 fie luate m\u0103suri \u00een consecin\u021b\u0103\u201d, anun\u021b\u0103 MApN.<\/p>\n<p>De asemenea, au fost identificate 14 situa\u021bii \u00een care militari \u00een rezerv\u0103, care au activat, pentru diferite perioade, \u00een R.D. Congo din aceast\u0103 pozi\u021bie \u0219i, ulterior, au dob\u00e2ndit, \u00een perioada 2020-2024 calitatea de rezervist voluntar.<\/p>\n<p>\u201eMinistrul ap\u0103r\u0103rii na\u021bionale a ordonat clarificarea circumstan\u021belor \u0219i responsabilit\u0103\u021bilor care au permis aceste situa\u021bii, precum \u0219i luarea cu maxim\u0103 urgen\u021b\u0103 a m\u0103surilor de prevenire pe viitor\u201d, mai transmite MApN.<\/p>","protected":false},"excerpt":{"rendered":"<p>\u201eMinistrul ap\u0103r\u0103rii na\u021bionale, Angel T\u00eelv\u0103r, a dispus, la sf\u00e2r\u0219itul lunii februarie, verific\u0103ri la nivelul \u00eentregii&hellip;<\/p>\n","protected":false},"author":0,"featured_media":44475,"comment_status":"open","ping_status":"open","sticky":false,"template":"","format":"standard","meta":{"footnotes":""},"categories":[2],"tags":[],"class_list":["post-44488","post","type-post","status-publish","format-standard","has-post-thumbnail","hentry","category-actual"],"_links":{"self":[{"href":"https:\/\/247stiri.ro\/index.php\/wp-json\/wp\/v2\/posts\/44488","targetHints":{"allow":["GET"]}}],"collection":[{"href":"https:\/\/247stiri.ro\/index.php\/wp-json\/wp\/v2\/posts"}],"about":[{"href":"https:\/\/247stiri.ro\/index.php\/wp-json\/wp\/v2\/types\/post"}],"replies":[{"embeddable":true,"href":"https:\/\/247stiri.ro\/index.php\/wp-json\/wp\/v2\/comments?post=44488"}],"version-history":[{"count":0,"href":"https:\/\/247stiri.ro\/index.php\/wp-json\/wp\/v2\/posts\/44488\/revisions"}],"wp:featuredmedia":[{"embeddable":true,"href":"https:\/\/247stiri.ro\/index.php\/wp-json\/wp\/v2\/media\/44475"}],"wp:attachment":[{"href":"https:\/\/247stiri.ro\/index.php\/wp-json\/wp\/v2\/media?parent=44488"}],"wp:term":[{"taxonomy":"category","embeddable":true,"href":"https:\/\/247stiri.ro\/index.php\/wp-json\/wp\/v2\/categories?post=44488"},{"taxonomy":"post_tag","embeddable":true,"href":"https:\/\/247stiri.ro\/index.php\/wp-json\/wp\/v2\/tags?post=44488"}],"curies":[{"name":"wp","href":"https:\/\/api.w.org\/{rel}","templated":true}]}}