{"id":44509,"date":"2025-04-02T13:45:00","date_gmt":"2025-04-02T13:45:00","guid":{"rendered":"https:\/\/247stiri.ro\/index.php\/2025\/04\/02\/politician-francez-inlocuitorul-lui-marine-le-pen-calin-georgescu-a-fost-interzis-fara-dovezi\/"},"modified":"2025-04-02T13:45:00","modified_gmt":"2025-04-02T13:45:00","slug":"politician-francez-inlocuitorul-lui-marine-le-pen-calin-georgescu-a-fost-interzis-fara-dovezi","status":"publish","type":"post","link":"https:\/\/247stiri.ro\/index.php\/2025\/04\/02\/politician-francez-inlocuitorul-lui-marine-le-pen-calin-georgescu-a-fost-interzis-fara-dovezi\/","title":{"rendered":"Politician francez, \u00eenlocuitorul lui Marine Le Pen: \u201eC\u0103lin Georgescu a fost interzis f\u0103r\u0103 dovezi\u201d"},"content":{"rendered":"<p>Totul dup\u0103 ce scenariul interzicerii candidatului care a c\u00e2\u0219tigat primul tur de scrutin, s-a repetat cu \u0219efa suverani\u0219tilor din Fran\u021ba.\u00a0<\/p>\n<p>\u201eAve\u021bi dreptate ca vorbind despre Europa acum c\u00e2teva zile \u00een Rom\u00e2nia o decizie a justi\u021biei nu doar c\u0103 a anulat alegerile dar i a interzis candidatului care a ie\u0219it pe primul loc \u00een primul tur s\u0103 candideze la urm\u0103toarele alegeri din cauza suspiciunilor unor interferente dar nu a existat un verdict al justi\u021biei, o decizie a justi\u021biei. Exist\u0103 suspiciuni care au fost emise de oameni care sunt adversari politici ce este aceasta democra\u021bie? Ce este aceast\u0103 \u021bar\u0103? Fran\u021ba si a asumat rolul statului drepturilor omului al libert\u0103\u021bii universalismului republican unde \u00een c\u00e2teva zile este \u00eenchis primul post TNT primul post ii este interzis liderului opozi\u021biei care este favorit in toate sondajele acestor alegeri preziden\u021biale s\u0103 se prezinte f\u0103r\u0103 posibilitatea de recurs la decizia justi\u021biei pe care o contestam din punct de vedere al fondului si al formei\u00a0<\/p>","protected":false},"excerpt":{"rendered":"<p>Totul dup\u0103 ce scenariul interzicerii candidatului care a c\u00e2\u0219tigat primul tur de scrutin, s-a repetat&hellip;<\/p>\n","protected":false},"author":0,"featured_media":44501,"comment_status":"open","ping_status":"open","sticky":false,"template":"","format":"standard","meta":{"footnotes":""},"categories":[2],"tags":[],"class_list":["post-44509","post","type-post","status-publish","format-standard","has-post-thumbnail","hentry","category-actual"],"_links":{"self":[{"href":"https:\/\/247stiri.ro\/index.php\/wp-json\/wp\/v2\/posts\/44509","targetHints":{"allow":["GET"]}}],"collection":[{"href":"https:\/\/247stiri.ro\/index.php\/wp-json\/wp\/v2\/posts"}],"about":[{"href":"https:\/\/247stiri.ro\/index.php\/wp-json\/wp\/v2\/types\/post"}],"replies":[{"embeddable":true,"href":"https:\/\/247stiri.ro\/index.php\/wp-json\/wp\/v2\/comments?post=44509"}],"version-history":[{"count":0,"href":"https:\/\/247stiri.ro\/index.php\/wp-json\/wp\/v2\/posts\/44509\/revisions"}],"wp:featuredmedia":[{"embeddable":true,"href":"https:\/\/247stiri.ro\/index.php\/wp-json\/wp\/v2\/media\/44501"}],"wp:attachment":[{"href":"https:\/\/247stiri.ro\/index.php\/wp-json\/wp\/v2\/media?parent=44509"}],"wp:term":[{"taxonomy":"category","embeddable":true,"href":"https:\/\/247stiri.ro\/index.php\/wp-json\/wp\/v2\/categories?post=44509"},{"taxonomy":"post_tag","embeddable":true,"href":"https:\/\/247stiri.ro\/index.php\/wp-json\/wp\/v2\/tags?post=44509"}],"curies":[{"name":"wp","href":"https:\/\/api.w.org\/{rel}","templated":true}]}}