{"id":44511,"date":"2025-04-02T13:45:01","date_gmt":"2025-04-02T13:45:01","guid":{"rendered":"https:\/\/247stiri.ro\/index.php\/2025\/04\/02\/judecatorii-nu-se-inteleg-in-cazul-lui-bogdan-peschir-unul-cere-prelungirea-arestului-celalalt-control-judiciar-s-a-apelat-la-o-procedura-speciala-surse\/"},"modified":"2025-04-02T13:45:01","modified_gmt":"2025-04-02T13:45:01","slug":"judecatorii-nu-se-inteleg-in-cazul-lui-bogdan-peschir-unul-cere-prelungirea-arestului-celalalt-control-judiciar-s-a-apelat-la-o-procedura-speciala-surse","status":"publish","type":"post","link":"https:\/\/247stiri.ro\/index.php\/2025\/04\/02\/judecatorii-nu-se-inteleg-in-cazul-lui-bogdan-peschir-unul-cere-prelungirea-arestului-celalalt-control-judiciar-s-a-apelat-la-o-procedura-speciala-surse\/","title":{"rendered":"Judec\u0103torii nu se \u00een\u021beleg \u00een cazul lui Bogdan Pe\u0219chir. Unul cere prelungirea arestului, cel\u0103lalt control judiciar. S-a apelat la o procedur\u0103 special\u0103 &#8211; SURSE"},"content":{"rendered":"<p>Momente tensionate \u00een sala de judecat\u0103 de la Tribunalul Bucure\u0219ti unde este pe rolul contesta\u021bia lui Bogdan Pe\u0219chir fa\u0219\u0103 de m\u0103sura arestului preventiv. Potrivit surselor citate de realitatea Plus, cei doi judec\u0103torii nu se \u00een\u021beleg asupra verdictului, a\u0219a c\u0103 s-a apelat la o procedur\u0103 special\u0103.<\/p>\n<p>Deoarece la finalul \u0219edin\u021bei obi\u0219nuite, unul dintre judec\u0103tori s-a pronun\u021bat \u00een favoarea prelungirii m\u0103surii arestului preventiv, iar cel\u0103lalt pentru \u00eenlocuirea cu o m\u0103sur\u0103 mai bl\u00e2nd\u0103, s-a apelat la procedura completului de divergent\u0103. Aceasta presupune c\u0103 va fi convocat un al treilea judec\u0103tor, pentru a \u00eenclina balan\u021ba de o parte sau alta.<\/p>\n<p>Potrivit Realitatea Plus, \u00een sala vor fi chema\u021bi avoca\u021bii lui Bogdan Pe\u0219chir, dar va fi readus \u0219i influncerul, pentru ca al treilea judec\u0103tor s\u0103 asculte \u0219i el argumentele p\u0103r\u021bilor.<\/p>\n<p><a href=\"https:\/\/www.realitatea.net\/stiri\/actual\/anuntbomba-al-avocatului-lui-bogdan-peschir-departamentul-american-al-justitiei-a-luat-legatura-cu-aparatorii-lui-bogpr_67ed0923cddd73126f58687b#google_vignette\" target=\"_blank\">Clipe decisive pentru Bogdan Pe\u0219chir &#8211; r\u0103m\u00e2ne \u00een arest preventiv sau va fi eliberat? Avocat: Departamentul american al Justi\u021biei a luat leg\u0103tura cu ap\u0103r\u0103torii lui &#8222;BogPR&#8221; &#8211; LIVE TEXT<\/a><\/p>","protected":false},"excerpt":{"rendered":"<p>Momente tensionate \u00een sala de judecat\u0103 de la Tribunalul Bucure\u0219ti unde este pe rolul contesta\u021bia&hellip;<\/p>\n","protected":false},"author":0,"featured_media":44512,"comment_status":"open","ping_status":"open","sticky":false,"template":"","format":"standard","meta":{"footnotes":""},"categories":[2],"tags":[],"class_list":["post-44511","post","type-post","status-publish","format-standard","has-post-thumbnail","hentry","category-actual"],"_links":{"self":[{"href":"https:\/\/247stiri.ro\/index.php\/wp-json\/wp\/v2\/posts\/44511","targetHints":{"allow":["GET"]}}],"collection":[{"href":"https:\/\/247stiri.ro\/index.php\/wp-json\/wp\/v2\/posts"}],"about":[{"href":"https:\/\/247stiri.ro\/index.php\/wp-json\/wp\/v2\/types\/post"}],"replies":[{"embeddable":true,"href":"https:\/\/247stiri.ro\/index.php\/wp-json\/wp\/v2\/comments?post=44511"}],"version-history":[{"count":0,"href":"https:\/\/247stiri.ro\/index.php\/wp-json\/wp\/v2\/posts\/44511\/revisions"}],"wp:featuredmedia":[{"embeddable":true,"href":"https:\/\/247stiri.ro\/index.php\/wp-json\/wp\/v2\/media\/44512"}],"wp:attachment":[{"href":"https:\/\/247stiri.ro\/index.php\/wp-json\/wp\/v2\/media?parent=44511"}],"wp:term":[{"taxonomy":"category","embeddable":true,"href":"https:\/\/247stiri.ro\/index.php\/wp-json\/wp\/v2\/categories?post=44511"},{"taxonomy":"post_tag","embeddable":true,"href":"https:\/\/247stiri.ro\/index.php\/wp-json\/wp\/v2\/tags?post=44511"}],"curies":[{"name":"wp","href":"https:\/\/api.w.org\/{rel}","templated":true}]}}