{"id":44516,"date":"2025-04-02T13:45:03","date_gmt":"2025-04-02T13:45:03","guid":{"rendered":"https:\/\/247stiri.ro\/index.php\/2025\/04\/02\/armata-romaniei-se-innoieste-18-avioane-f-16-ajung-in-romania-olanda-a-renuntat-la-ele\/"},"modified":"2025-04-02T13:45:03","modified_gmt":"2025-04-02T13:45:03","slug":"armata-romaniei-se-innoieste-18-avioane-f-16-ajung-in-romania-olanda-a-renuntat-la-ele","status":"publish","type":"post","link":"https:\/\/247stiri.ro\/index.php\/2025\/04\/02\/armata-romaniei-se-innoieste-18-avioane-f-16-ajung-in-romania-olanda-a-renuntat-la-ele\/","title":{"rendered":"Armata Rom\u00e2niei se \u201e\u00eennoie\u0219te\u201d: 18 avioane F-16 ajung \u00een Rom\u00e2nia. Olanda a renun\u021bat la ele"},"content":{"rendered":"<p>P\u00e2n\u0103 de cur\u00e2nd, For\u021bele Aeriene Regale Olandeze (KLu \u2013 Koninklijke Luchtmacht) aveau \u00een inventar 42 de avioane multilrol F-16, dintre care 24 erau pe deplin opera\u021bionale. \u0218i urma s\u0103 r\u0103m\u00e2n\u0103 opera\u021bionale p\u00e2n\u0103 c\u00e2nd viitoarele F-35A contractate deja urmau s\u0103 fie erau capabile s\u0103 \u00eendeplineasc\u0103 toate misiunile pe care le \u00eendeplinea flota veche de F-16.<\/p>\n<p>Dar a fost doar o chestiune de timp, scrie\u00a0<a href=\"https:\/\/www.opex360.com\/2024\/09\/27\/la-force-aerienne-neerlandaise-a-retire-officiellement-ses-derniers-f-16-du-service\/\" target=\"_blank\">presa de specialitate<\/a><\/p>\n<p>La 26 septembrie, la cinci ani de la primirea primului din cele 52 de avioane F-35 comandate de la produc\u0103torul american Lockheed-Martin, KLu a anun\u021bat c\u0103 cele 40 de F-35A care i-au fost livrate sunt pe deplin operabile la capacitate maxim\u0103. Nu mai r\u0103m\u00e2nea dec\u00e2t s\u0103 \u00ee\u0219i ia r\u0103mas bun de la vechile F-16, aeronava pe care o folosea din 1979.<\/p>\n<p>Acest lucru a fost f\u0103cut \u00eens\u0103 acum.<\/p>\n<p>\u201e\u00cen aceast\u0103 dup\u0103-amiaz\u0103, KLu \u0219i-a luat oficial adio de la aceast\u0103 aeronav\u0103 legendar\u0103. Acest lucru a avut loc, printre altele, \u00een timpul unui zbor \u00een forma\u021bie a opt aeronave deasupra \u021a\u0103rilor de Jos\u201d, a anun\u021bat Ministerul olandez al Ap\u0103r\u0103rii \u00eentr-un comunicat publicat la 27 septembrie.<\/p>\n<p>Ini\u021bial, \u021a\u0103rile de Jos inten\u021bionau s\u0103 v\u00e2nd\u0103 ultimele sale F-16 companiei americane Draken International, care furnizeaz\u0103 servicii de securitate \u0219i ap\u0103rare. Dar r\u0103zboiul din Ucraina a schimbat lucrurile. Din cele 42 de avioane r\u0103mase, 18 vor fi trimise la Centrul European de Formare F-16 [EFTC] din Rom\u00e2nia \u0219i 24 vor fi oferite for\u021belor aeriene ucrainene, potrivit sursei citate<\/p>\n<p>Centrul European de Instruire F-16 din Rom\u00e2nia, care func\u021bioneaz\u0103 \u00a0\u00een Baza Aerian\u0103 86 Fete\u0219ti, a fost inaugurat \u00een noiembrie 2023.<\/p>\n<p>\u201eCentrul European de Instruire F-16 va avea un rol vital \u00een preg\u0103tirea pilo\u021bilor rom\u00e2ni pentru operarea acestor aeronave performante. Prin aceast\u0103 ambi\u021bioas\u0103 ini\u021biativ\u0103, ne propunem nu doar s\u0103 antren\u0103m un num\u0103r semnificativ de pilo\u021bi, ci \u0219i s\u0103 ob\u021binem noi calific\u0103ri pentru aceia care opereaz\u0103 deja avioane F-16 \u00een Rom\u00e2nia\u201d, a spus ministrul rom\u00e2n al Ap\u0103r\u0103rii cu acea ocazie.<\/p>","protected":false},"excerpt":{"rendered":"<p>P\u00e2n\u0103 de cur\u00e2nd, For\u021bele Aeriene Regale Olandeze (KLu \u2013 Koninklijke Luchtmacht) aveau \u00een inventar 42&hellip;<\/p>\n","protected":false},"author":0,"featured_media":44517,"comment_status":"open","ping_status":"open","sticky":false,"template":"","format":"standard","meta":{"footnotes":""},"categories":[2],"tags":[],"class_list":["post-44516","post","type-post","status-publish","format-standard","has-post-thumbnail","hentry","category-actual"],"_links":{"self":[{"href":"https:\/\/247stiri.ro\/index.php\/wp-json\/wp\/v2\/posts\/44516","targetHints":{"allow":["GET"]}}],"collection":[{"href":"https:\/\/247stiri.ro\/index.php\/wp-json\/wp\/v2\/posts"}],"about":[{"href":"https:\/\/247stiri.ro\/index.php\/wp-json\/wp\/v2\/types\/post"}],"replies":[{"embeddable":true,"href":"https:\/\/247stiri.ro\/index.php\/wp-json\/wp\/v2\/comments?post=44516"}],"version-history":[{"count":0,"href":"https:\/\/247stiri.ro\/index.php\/wp-json\/wp\/v2\/posts\/44516\/revisions"}],"wp:featuredmedia":[{"embeddable":true,"href":"https:\/\/247stiri.ro\/index.php\/wp-json\/wp\/v2\/media\/44517"}],"wp:attachment":[{"href":"https:\/\/247stiri.ro\/index.php\/wp-json\/wp\/v2\/media?parent=44516"}],"wp:term":[{"taxonomy":"category","embeddable":true,"href":"https:\/\/247stiri.ro\/index.php\/wp-json\/wp\/v2\/categories?post=44516"},{"taxonomy":"post_tag","embeddable":true,"href":"https:\/\/247stiri.ro\/index.php\/wp-json\/wp\/v2\/tags?post=44516"}],"curies":[{"name":"wp","href":"https:\/\/api.w.org\/{rel}","templated":true}]}}