{"id":44530,"date":"2025-04-02T14:45:42","date_gmt":"2025-04-02T14:45:42","guid":{"rendered":"https:\/\/247stiri.ro\/index.php\/2025\/04\/02\/bolojan-face-schimbari-la-cotroceni-administratia-prezidentiala-are-un-nou-sef\/"},"modified":"2025-04-02T14:45:42","modified_gmt":"2025-04-02T14:45:42","slug":"bolojan-face-schimbari-la-cotroceni-administratia-prezidentiala-are-un-nou-sef","status":"publish","type":"post","link":"https:\/\/247stiri.ro\/index.php\/2025\/04\/02\/bolojan-face-schimbari-la-cotroceni-administratia-prezidentiala-are-un-nou-sef\/","title":{"rendered":"Bolojan face schimb\u0103ri la Cotroceni. Administra\u021bia Preziden\u021bial\u0103 are un nou \u0219ef"},"content":{"rendered":"<p>\u00cen plus, consilierul preziden\u0163ial George-Vladimir Duhan a fost numit consilier onorific al pre\u015fedintelui, av\u00e2nd ca sarcin\u0103 principal\u0103 oferirea \u00eendrum\u0103rilor de specialitate \u00een chestiunile organizatorice ale Administra\u0163iei Preziden\u0163iale \u015fi ale Muzeului Na\u0163ional Cotroceni.<\/p>\n<p>Pre\u015fedintele interimar, Ilie Bolojan, a semnat miercuri, un decret pentru eliberarea din func\u0163ia de consilier preziden\u0163ial a lui George-Vladimir Duhan, la cerere, \u00eencep\u00e2nd cu data de 7 aprilie 2025 \u015fi un decret pentru eliberarea din func\u0163ia de consilier de stat a doamnei Mariana Costea, \u00eencep\u00e2nd cu data de 7 aprilie 2025.<\/p>\n<p>Pre\u015fedintele interimar a mai semnat decretul pentru numirea \u00een func\u0163ia de consilier preziden\u0163ial a Marianei Costea, \u00eencep\u00e2nd cu data de 7 aprilie 2025.<\/p>\n<p>\u201dLa data de 7 aprilie 2025, doamna Mariana Costea va prelua conducerea Secretariatului General al Administra\u0163iei Preziden\u0163iale \u015fi va fi desemnat\u0103 de c\u0103tre Pre\u015fedintele interimar al Rom\u00e2niei, Ilie Bolojan, \u00een calitatea de ordonator principal de credite al Administra\u0163iei Preziden\u0163iale, \u00een conformitate cu prevederile art. 3 alin. (3) din Legea nr. 47\/1994 privind serviciile din subordinea Pre\u015fedintelui Rom\u00e2niei, republicat\u0103\u201d, precizeaz\u0103 Administra\u0163ia Preziden\u0163ial\u0103.<\/p>\n<p>Totodat\u0103, \u00eencep\u00e2nd cu aceea\u015fi dat\u0103, George-Vladimir Duhan va primi calitatea de consilier onorific al Pre\u015fedintelui interimar al Rom\u00e2niei, av\u00e2nd ca sarcin\u0103 principal\u0103 oferirea \u00eendrum\u0103rilor de specialitate \u00een chestiunile organizatorice ale Administra\u0163iei Preziden\u0163iale \u015fi ale Muzeului Na\u0163ional Cotroceni.<\/p>\n<p>\u201d\u00cen exercitarea calit\u0103\u0163ii de consilier onorific al Pre\u015fedintelui interimar al Rom\u00e2niei, domnul George-Vladimir Duhan va sprijini activitatea Secretariatului General al Administra\u0163iei Preziden\u0163iale, va oferi consiliere \u015fi se va implica \u00een coordonarea demersurilor de administrare a patrimoniului Administra\u0163iei Preziden\u0163iale \u015fi de gestionare a resurselor financiare, materiale \u015fi umane ale institu\u0163iei\u201d, subliniaz\u0103 comunicatul oficial.<\/p>","protected":false},"excerpt":{"rendered":"<p>\u00cen plus, consilierul preziden\u0163ial George-Vladimir Duhan a fost numit consilier onorific al pre\u015fedintelui, av\u00e2nd ca&hellip;<\/p>\n","protected":false},"author":0,"featured_media":44527,"comment_status":"open","ping_status":"open","sticky":false,"template":"","format":"standard","meta":{"footnotes":""},"categories":[2],"tags":[],"class_list":["post-44530","post","type-post","status-publish","format-standard","has-post-thumbnail","hentry","category-actual"],"_links":{"self":[{"href":"https:\/\/247stiri.ro\/index.php\/wp-json\/wp\/v2\/posts\/44530","targetHints":{"allow":["GET"]}}],"collection":[{"href":"https:\/\/247stiri.ro\/index.php\/wp-json\/wp\/v2\/posts"}],"about":[{"href":"https:\/\/247stiri.ro\/index.php\/wp-json\/wp\/v2\/types\/post"}],"replies":[{"embeddable":true,"href":"https:\/\/247stiri.ro\/index.php\/wp-json\/wp\/v2\/comments?post=44530"}],"version-history":[{"count":0,"href":"https:\/\/247stiri.ro\/index.php\/wp-json\/wp\/v2\/posts\/44530\/revisions"}],"wp:featuredmedia":[{"embeddable":true,"href":"https:\/\/247stiri.ro\/index.php\/wp-json\/wp\/v2\/media\/44527"}],"wp:attachment":[{"href":"https:\/\/247stiri.ro\/index.php\/wp-json\/wp\/v2\/media?parent=44530"}],"wp:term":[{"taxonomy":"category","embeddable":true,"href":"https:\/\/247stiri.ro\/index.php\/wp-json\/wp\/v2\/categories?post=44530"},{"taxonomy":"post_tag","embeddable":true,"href":"https:\/\/247stiri.ro\/index.php\/wp-json\/wp\/v2\/tags?post=44530"}],"curies":[{"name":"wp","href":"https:\/\/api.w.org\/{rel}","templated":true}]}}