{"id":44532,"date":"2025-04-02T14:45:42","date_gmt":"2025-04-02T14:45:42","guid":{"rendered":"https:\/\/247stiri.ro\/index.php\/2025\/04\/02\/cea-mai-veche-fabrica-din-romania-infiintata-in-1771-isi-inchide-portile-a-intrat-oficial-in-faliment\/"},"modified":"2025-04-02T14:45:42","modified_gmt":"2025-04-02T14:45:42","slug":"cea-mai-veche-fabrica-din-romania-infiintata-in-1771-isi-inchide-portile-a-intrat-oficial-in-faliment","status":"publish","type":"post","link":"https:\/\/247stiri.ro\/index.php\/2025\/04\/02\/cea-mai-veche-fabrica-din-romania-infiintata-in-1771-isi-inchide-portile-a-intrat-oficial-in-faliment\/","title":{"rendered":"Cea mai veche fabric\u0103 din Rom\u00e2nia, \u00eenfiin\u021bat\u0103 \u00een 1771, \u00ee\u0219i \u00eenchide por\u021bile. A intrat oficial \u00een faliment"},"content":{"rendered":"<p>Uzina Constructoare de Ma\u0219ini (UCM) Re\u0219i\u021ba a intrat oficial \u00een faliment, \u00eencep\u00e2nd de pe 2 aprilie, potrivit unei decizii a Tribunalului Bucure\u0219ti. Compania, care produce hidroagregate \u015fi echipamente hidromecanice, s-a aflat \u00een stare de insolven\u021b\u0103 timp de 13 ani \u0219i a fost preluat\u0103 de Hidroelectrica din 2024, la o valoare de pia\u021b\u0103 de 59,9 milioane lei.<\/p>\n<p>Hidroelectrica a ad\u0103ugat 119,65 milioane lei la capitalul social al companiei, sum\u0103 necesar\u0103 tranzac\u021biei totale de preluare, ridicat\u0103 peste valoarea de pia\u021b\u0103 la 67,879 milioane lei, \u0219i sus\u021binerii capitalului de lucru al noii companii p\u00e2n\u0103 la fuziunea cu Hidroserv, cu 51,771 milioane lei, potrivit presei de specialitate.<\/p>\n<p>Cine sunt cei trei administratori ai UCM Re\u0219i\u021ba<\/p>\n<p>Hidroelectrica a \u00eenfiin\u021bat anul trecut Uzina de Construc\u021bii Ma\u0219ini Hidroenergetice SRL (UCMH), o subsidiar\u0103 a companiei de stat menit\u0103 s\u0103 preia principalele active \u0219i opera\u021biuni ale UCM Re\u0219i\u021ba. Noua companie este condus\u0103 de administratorul special din cadrul procedurii de insolven\u021b\u0103 a UCM Re\u0219i\u021ba, Aurel B\u00e2ra, unul dintre directorii economici ai Hidroelectrica, Manuela Feder, \u0219i Sebastian F\u00e2rtat, fost \u0219ef al cabinetului CEO-ului Hidroelectrica.<\/p>\n<p>Potrivit sursei citate, B\u00e2ra este \u00een acela\u0219i timp \u0219i director executiv, \u0219i administrator al companiei Re\u0219i\u021ba Reductoare \u0219i Regenerabile SA, controlat\u0103 de elve\u021bienii de la ICESA. Manuela Feder este de aproape 13 ani director economic al Sucursalei Hidrocentrale Ha\u021beg din cadrul Hidroelectrica, iar Sebastian F\u00e2rtat, fost \u0219ef al cabinetului CEO-ului Hidroelectrica \u00een perioada mandatului fostului ocupant al postului, Bogdan Badea, este \u00een prezent director de investi\u021bii al companiei de stat. F\u00e2rtat, care este membru PNL, a fost anterior subprefect (2019-2020) \u0219i prefect (2020-2022) al jude\u021bului V\u00e2lcea, precum \u0219i consilier parlamentar la Camera Deputa\u021bilor.<\/p>\n<p>Ce a mai r\u0103mas din UCM Re\u0219i\u021ba<\/p>\n<p>La 31 decembrie 2024, UCM Re\u015fi\u0163a SA avea un efectiv de 38 de angaja\u0163i, anul trecut compania \u00eenregistr\u00e2nd o cifr\u0103 de afaceri de 5,55 milioane lei, \u00een sc\u0103dere de la 38 de milioane lei \u00een 2023, la un profit de 20,34 milioane lei (comparativ cu o pierdere de 12,4 milioane \u00een anul 2023).<\/p>\n<p>UCM Re\u0219i\u021ba include \u00een activele sale o suprafa\u0163\u0103 total\u0103 de 28 de hectare amplasat\u0103 pe cele dou\u0103 platforme industriale (ABC \u015fi C\u00e2lnicel) precum \u015fi \u00een alte zone din municipiul Re\u015fi\u0163a \u015fi din ora\u015ful Anina, pe l\u00e2ng\u0103 numeroase alte active din afara sferei de produc\u0163ie actuale, at\u00e2t \u00een Re\u015fi\u0163a (Casa de cultur\u0103, Gr\u0103dini\u0163a cu Program Prelungit \u201eSemenic\u201d, denumit\u0103 anterior Gr\u0103dini\u0163a cu Program Prelungit nr. 7, o garsonier\u0103 pe str. Ion Corvin, 239 de apartamente \u00een foste c\u0103mine de nefamili\u015fti etc.), c\u00e2t \u015fi \u00een Anina (Fabrica de \u015euruburi).<\/p>\n<p>Scurt\u0103 istorie a celei mai vechi fabrici din Rom\u00e2nia<\/p>\n<p>Compania, situat\u0103 \u00een partea de sud-vest a Rom\u00e2niei, a fost fondat\u0103 \u00een 3 iulie 1771 prin darea \u00een exploatare a primelor furnale \u015fi forje, fiind astfel cea mai veche unitate industrial\u0103 din Rom\u00e2nia \u015fi una din cele mai vechi din Europa. \u00cencep\u00e2nd din anul 1960, UCM Re\u015fi\u0163a a proiectat \u015fi construit peste 90% din echipamentele aferente sistemului hidroenergetic na\u0163ional, pun\u00e2nd \u00een func\u0163iune peste 6.325 MW putere instalat\u0103, reprezent\u00e2nd 326 hidroagregate.<\/p>\n<p>Pe 11 martie 2024 a fost semnat contractul de v\u00e2nzare a afacerii UCMR c\u0103tre UCMH, societate nou \u00eenfiin\u0163at\u0103, ce are ca asociat unic compania de stat Hidroelectrica, cel mai mare produc\u0103tor de energie electric\u0103 din \u0163ar\u0103, iar \u00een mai anul trecut Hidroelectrica anun\u0163a c\u0103 bugetul estimat a fi alocat pentru Uzina Constructoare de Ma\u015fini Hidroenergetice, \u00een perioada 2024-2028, va fi de aproximativ 1 miliard de lei.<\/p>\n<p>Uzina a fost \u00eenfiin\u021bat\u0103 la\u00a03 iulie\u00a01771, c\u00e2nd s-au pus \u00een func\u021biune dou\u0103\u00a0furnale\u00a0\u0219i forja, pe malul st\u00e2ng al r\u00e2ului B\u00e2rzava. Uzina s-a dezvoltat treptat \u00een decursul istoriei, extinz\u00e2ndu-se geografic pe m\u0103sura diversific\u0103rii domeniilor de produc\u021bie.<\/p>\n<p>\u00cen anul 1872 se construie\u0219te fabrica de \u0219uruburi din\u00a0Anina\u00a0(\u00een prezent activ \u00een conservare).<\/p>\n<p>\u00centre 1886-1975, se realizeaz\u0103 dot\u0103ri succesive la platforma veche de pe malul r\u00e2ului B\u00e2rzava.<\/p>\n<p>\u00centre 1954-1978 uzina se extinde prin construirea platformei sectoarelor calde (Mociur).<\/p>\n<p>\u00centre 1970-1972 extinderea continu\u0103 prin construirea platformei Direc\u021biei Cercetare Proiectare, la ie\u0219irea din Re\u0219i\u021ba, spre\u00a0Caransebe\u0219.<\/p>\n<p>\u00centre 1975-1980 se construie\u0219te platforma C\u00e2lnicel, \u00een extremitatea nordic\u0103 a municipiului Re\u0219i\u021ba, \u00een vecin\u0103tatea localit\u0103\u021bii\u00a0C\u00e2lnic.<\/p>\n<p>Uzina se extinde \u00een decursul timpului, cuprinz\u00e2nd \u0219i alte cl\u0103diri din cadrul ora\u0219ului. La \u00eenceputul secolului XXI, suprafa\u021ba sa total\u0103 cuprinde 98 de hectare, dintre care 68,7 hectare platforme industriale \u0219i 25,5 hectare cl\u0103diri \u0219i hale acoperite.<\/p>","protected":false},"excerpt":{"rendered":"<p>Uzina Constructoare de Ma\u0219ini (UCM) Re\u0219i\u021ba a intrat oficial \u00een faliment, \u00eencep\u00e2nd de pe 2&hellip;<\/p>\n","protected":false},"author":0,"featured_media":44533,"comment_status":"open","ping_status":"open","sticky":false,"template":"","format":"standard","meta":{"footnotes":""},"categories":[2],"tags":[],"class_list":["post-44532","post","type-post","status-publish","format-standard","has-post-thumbnail","hentry","category-actual"],"_links":{"self":[{"href":"https:\/\/247stiri.ro\/index.php\/wp-json\/wp\/v2\/posts\/44532","targetHints":{"allow":["GET"]}}],"collection":[{"href":"https:\/\/247stiri.ro\/index.php\/wp-json\/wp\/v2\/posts"}],"about":[{"href":"https:\/\/247stiri.ro\/index.php\/wp-json\/wp\/v2\/types\/post"}],"replies":[{"embeddable":true,"href":"https:\/\/247stiri.ro\/index.php\/wp-json\/wp\/v2\/comments?post=44532"}],"version-history":[{"count":0,"href":"https:\/\/247stiri.ro\/index.php\/wp-json\/wp\/v2\/posts\/44532\/revisions"}],"wp:featuredmedia":[{"embeddable":true,"href":"https:\/\/247stiri.ro\/index.php\/wp-json\/wp\/v2\/media\/44533"}],"wp:attachment":[{"href":"https:\/\/247stiri.ro\/index.php\/wp-json\/wp\/v2\/media?parent=44532"}],"wp:term":[{"taxonomy":"category","embeddable":true,"href":"https:\/\/247stiri.ro\/index.php\/wp-json\/wp\/v2\/categories?post=44532"},{"taxonomy":"post_tag","embeddable":true,"href":"https:\/\/247stiri.ro\/index.php\/wp-json\/wp\/v2\/tags?post=44532"}],"curies":[{"name":"wp","href":"https:\/\/api.w.org\/{rel}","templated":true}]}}