{"id":44534,"date":"2025-04-02T14:45:43","date_gmt":"2025-04-02T14:45:43","guid":{"rendered":"https:\/\/247stiri.ro\/index.php\/2025\/04\/02\/predoiu-ferm-convis-ca-va-continua-coalitia-si-dupa-alegerile-prezidentiale-de-ce-nu-asta-e-majoritatea\/"},"modified":"2025-04-02T14:45:43","modified_gmt":"2025-04-02T14:45:43","slug":"predoiu-ferm-convis-ca-va-continua-coalitia-si-dupa-alegerile-prezidentiale-de-ce-nu-asta-e-majoritatea","status":"publish","type":"post","link":"https:\/\/247stiri.ro\/index.php\/2025\/04\/02\/predoiu-ferm-convis-ca-va-continua-coalitia-si-dupa-alegerile-prezidentiale-de-ce-nu-asta-e-majoritatea\/","title":{"rendered":"Predoiu, ferm convis c\u0103 va continua Coali\u021bia \u0219i dup\u0103 alegerile preziden\u021biale: \u201eDe ce nu? Asta e majoritatea!\u201d"},"content":{"rendered":"<p>Ministrul de Interne, C\u0103t\u0103lin Predoiu, a declarat miercuri, la Parlament, \u00eentrebat dac\u0103 Marcel Ciolacu ar putea s\u0103 continue func\u0163ia de premier dup\u0103 alegeri, c\u0103 este posibil, pentru c\u0103 exist\u0103 o coali\u0163ie, asta e majoritatea, el apreciind c\u0103 va continua aceast\u0103 coali\u0163ie dup\u0103 alegeri. Predoiu nu a dorit s\u0103 comenteze dac\u0103 Ilie Bolojan ar putea ajunge premier, dup\u0103 preziden\u0163iale. Nu fac astfel de specula\u0163ii, a spus el.<\/p>\n<p>C\u0103t\u0103lin Predoiu a fost \u00eentrebat dac\u0103 Ilie Bolojan este o variant\u0103 de premier dup\u0103 alegerile preziden\u0163iale. \u201dNu fac astfel de specula\u0163ii. Politica rom\u00e2neasc\u0103 este plin\u0103 de supozi\u0163ii, presupuneri \u015fi a\u015fa mai departe\u201d, a r\u0103spuns el.<\/p>\n<p>\u00centrebat dac\u0103 Marcel Ciolacu ar putea s\u0103 continue \u00een func\u0163ia de premier dup\u0103 alegeri, Predoiu nu a exclus acest scenariu.<\/p>\n<p>\u201dDe ce nu? Acum continu\u0103 \u00een func\u0163ia de premier, Marcel Ciolacu. Avem o coali\u0163ie, asta e majoritatea. Cred c\u0103 va continua aceast\u0103 coali\u0163ie. A\u015fa cum s-a spus de multe ori, \u015fi \u00een PSD \u015fi \u00een PNL sunt foarte mul\u0163i oameni care pot exercita aceast\u0103 func\u0163ie, func\u0163ii de ministru. Sunt partide cu multe cadre, cu experien\u0163\u0103 a guvern\u0103rii, cu experien\u0163a conducerii, care au rezultate\u201d, a subliniat Predoiu.<\/p>","protected":false},"excerpt":{"rendered":"<p>Ministrul de Interne, C\u0103t\u0103lin Predoiu, a declarat miercuri, la Parlament, \u00eentrebat dac\u0103 Marcel Ciolacu ar&hellip;<\/p>\n","protected":false},"author":0,"featured_media":44529,"comment_status":"open","ping_status":"open","sticky":false,"template":"","format":"standard","meta":{"footnotes":""},"categories":[2],"tags":[],"class_list":["post-44534","post","type-post","status-publish","format-standard","has-post-thumbnail","hentry","category-actual"],"_links":{"self":[{"href":"https:\/\/247stiri.ro\/index.php\/wp-json\/wp\/v2\/posts\/44534","targetHints":{"allow":["GET"]}}],"collection":[{"href":"https:\/\/247stiri.ro\/index.php\/wp-json\/wp\/v2\/posts"}],"about":[{"href":"https:\/\/247stiri.ro\/index.php\/wp-json\/wp\/v2\/types\/post"}],"replies":[{"embeddable":true,"href":"https:\/\/247stiri.ro\/index.php\/wp-json\/wp\/v2\/comments?post=44534"}],"version-history":[{"count":0,"href":"https:\/\/247stiri.ro\/index.php\/wp-json\/wp\/v2\/posts\/44534\/revisions"}],"wp:featuredmedia":[{"embeddable":true,"href":"https:\/\/247stiri.ro\/index.php\/wp-json\/wp\/v2\/media\/44529"}],"wp:attachment":[{"href":"https:\/\/247stiri.ro\/index.php\/wp-json\/wp\/v2\/media?parent=44534"}],"wp:term":[{"taxonomy":"category","embeddable":true,"href":"https:\/\/247stiri.ro\/index.php\/wp-json\/wp\/v2\/categories?post=44534"},{"taxonomy":"post_tag","embeddable":true,"href":"https:\/\/247stiri.ro\/index.php\/wp-json\/wp\/v2\/tags?post=44534"}],"curies":[{"name":"wp","href":"https:\/\/api.w.org\/{rel}","templated":true}]}}