{"id":44544,"date":"2025-04-02T15:44:50","date_gmt":"2025-04-02T15:44:50","guid":{"rendered":"https:\/\/247stiri.ro\/index.php\/2025\/04\/02\/trafic-feroviar-oprit-intre-predeal-si-timisu-de-sus-un-tren-de-calatori-s-a-defectat-pe-sine-mai-multe-garnituri-redirectionate-sau-oprite\/"},"modified":"2025-04-02T15:44:50","modified_gmt":"2025-04-02T15:44:50","slug":"trafic-feroviar-oprit-intre-predeal-si-timisu-de-sus-un-tren-de-calatori-s-a-defectat-pe-sine-mai-multe-garnituri-redirectionate-sau-oprite","status":"publish","type":"post","link":"https:\/\/247stiri.ro\/index.php\/2025\/04\/02\/trafic-feroviar-oprit-intre-predeal-si-timisu-de-sus-un-tren-de-calatori-s-a-defectat-pe-sine-mai-multe-garnituri-redirectionate-sau-oprite\/","title":{"rendered":"Trafic feroviar oprit \u00eentre Predeal \u015fi Timi\u015fu de Sus! Un tren de c\u0103l\u0103tori s-a defectat pe \u0219ine. Mai multe garnituri, redirec\u021bionate sau oprite"},"content":{"rendered":"<p>\u201dCompania Na\u0163ional\u0103 de C\u0103i Ferate CFR\u201d SA informeaz\u0103 c\u0103, \u00eencep\u00e2nd cu ora 16:25, circula\u0163ia feroviar\u0103 este temporar oprit\u0103 pe distan\u0163a Predeal &#8211; Timi\u015fu de Sus, ca urmare a defect\u0103rii trenului 11033 (apar\u0163in\u00e2nd Regio C\u0103l\u0103tori). Preciz\u0103m faptul c\u0103 circula\u0163ia feroviar\u0103 este momentan blocat\u0103, pe ambele fire, deoarece firul I de circula\u0163ie a fost \u00eenchis pentru lucr\u0103ri de mentenan\u0163\u0103 programate\u201d, a transmis CFR C\u0103l\u0103tori.\u00a0<\/p>\n<p>\u00cen acest moment, este afectat\u0103 circula\u0163ia <a href=\"https:\/\/www.realitatea.net\/stiri\/actual\/incident-feroviar-grav-doua-trenuri-cfr-calatori-au-ajuns-fata-in-fata-pe-aceeasi-linie_67ecc5d57ff1282d703f1c42\" target=\"_blank\">trenurilor<\/a> IR 11535, R 11365, R-E 11636, R 3030, care vor fi direc\u0163ionate \u00een cea mai apropiat\u0103 sta\u0163ie sau vor a\u015ftepta eliberarea liniei.<\/p>","protected":false},"excerpt":{"rendered":"<p>\u201dCompania Na\u0163ional\u0103 de C\u0103i Ferate CFR\u201d SA informeaz\u0103 c\u0103, \u00eencep\u00e2nd cu ora 16:25, circula\u0163ia feroviar\u0103&hellip;<\/p>\n","protected":false},"author":0,"featured_media":44545,"comment_status":"open","ping_status":"open","sticky":false,"template":"","format":"standard","meta":{"footnotes":""},"categories":[2],"tags":[],"class_list":["post-44544","post","type-post","status-publish","format-standard","has-post-thumbnail","hentry","category-actual"],"_links":{"self":[{"href":"https:\/\/247stiri.ro\/index.php\/wp-json\/wp\/v2\/posts\/44544","targetHints":{"allow":["GET"]}}],"collection":[{"href":"https:\/\/247stiri.ro\/index.php\/wp-json\/wp\/v2\/posts"}],"about":[{"href":"https:\/\/247stiri.ro\/index.php\/wp-json\/wp\/v2\/types\/post"}],"replies":[{"embeddable":true,"href":"https:\/\/247stiri.ro\/index.php\/wp-json\/wp\/v2\/comments?post=44544"}],"version-history":[{"count":0,"href":"https:\/\/247stiri.ro\/index.php\/wp-json\/wp\/v2\/posts\/44544\/revisions"}],"wp:featuredmedia":[{"embeddable":true,"href":"https:\/\/247stiri.ro\/index.php\/wp-json\/wp\/v2\/media\/44545"}],"wp:attachment":[{"href":"https:\/\/247stiri.ro\/index.php\/wp-json\/wp\/v2\/media?parent=44544"}],"wp:term":[{"taxonomy":"category","embeddable":true,"href":"https:\/\/247stiri.ro\/index.php\/wp-json\/wp\/v2\/categories?post=44544"},{"taxonomy":"post_tag","embeddable":true,"href":"https:\/\/247stiri.ro\/index.php\/wp-json\/wp\/v2\/tags?post=44544"}],"curies":[{"name":"wp","href":"https:\/\/api.w.org\/{rel}","templated":true}]}}