{"id":44548,"date":"2025-04-02T15:44:52","date_gmt":"2025-04-02T15:44:52","guid":{"rendered":"https:\/\/247stiri.ro\/index.php\/2025\/04\/02\/predoiu-spune-ca-in-continuare-multe-dintre-institutiile-statului-sunt-tinta-unor-atacuri-hibride\/"},"modified":"2025-04-02T15:44:52","modified_gmt":"2025-04-02T15:44:52","slug":"predoiu-spune-ca-in-continuare-multe-dintre-institutiile-statului-sunt-tinta-unor-atacuri-hibride","status":"publish","type":"post","link":"https:\/\/247stiri.ro\/index.php\/2025\/04\/02\/predoiu-spune-ca-in-continuare-multe-dintre-institutiile-statului-sunt-tinta-unor-atacuri-hibride\/","title":{"rendered":"Predoiu spune c\u0103, \u00een continuare, multe dintre institu\u021biile statului sunt \u021binta unor atacuri hibride"},"content":{"rendered":"<p>C\u0103t\u0103lin Predoiu, a declarat miercuri, 2 aprilie, despre existen\u0163a unor anchete privind atacuri hibride la adresa securit\u0103\u0163ii statului, c\u0103, \u00een momentul de fa\u0163\u0103, exist\u0103 \u00een continuare \u00een spa\u0163iul online o serie de post\u0103ri \u015fi curente care submineaz\u0103 \u00eencrederea \u00een institu\u0163iile statului.<\/p>\n<p>Ministrul a men\u0163ionat c\u0103 subalternii lui vor vedea dac\u0103 la momentul respectiv, pe baza concluziilor autorit\u0103\u0163ilor, \u00een primul r\u00e2nd ANCOM, AEP \u015fi CNA, se profileaz\u0103 din nou un astfel de fenomen de interferen\u0163\u0103.<\/p>\n<p>Ministrul de Interne a fost \u00eentrebat, la Parlament, dac\u0103 Poli\u0163ia Rom\u00e2n\u0103 are anchete \u00een momentul de fa\u0163\u0103 privind atacuri hibride la adresa securit\u0103\u0163ii statului.<\/p>\n<p>\u201d\u00cen momentul de fa\u0163\u0103, eu v\u0103 spun c\u0103 exist\u0103 \u00een continuare \u00een spa\u0163iul online o serie de post\u0103ri \u015fi curente care submineaz\u0103 \u00eencrederea \u00een institu\u0163iile statului\u201d, a r\u0103spuns ministrul.<\/p>\n<p>\u201dVom vedea dac\u0103 la momentul respectiv, pe baza concluziilor autorit\u0103\u0163ilor cu atribu\u0163ii \u00een domeniu, nu numai Poli\u0163ia Rom\u00e2n\u0103, ci \u00een primul r\u00e2nd ANCOM, AEP \u015fi CNA, se profileaz\u0103 din nou un astfel de fenomen de interferen\u0163\u0103 \u00een spa\u0163iile lor\u201d, a ad\u0103ugat Predoiu.<\/p>","protected":false},"excerpt":{"rendered":"<p>C\u0103t\u0103lin Predoiu, a declarat miercuri, 2 aprilie, despre existen\u0163a unor anchete privind atacuri hibride la&hellip;<\/p>\n","protected":false},"author":0,"featured_media":44539,"comment_status":"open","ping_status":"open","sticky":false,"template":"","format":"standard","meta":{"footnotes":""},"categories":[2],"tags":[],"class_list":["post-44548","post","type-post","status-publish","format-standard","has-post-thumbnail","hentry","category-actual"],"_links":{"self":[{"href":"https:\/\/247stiri.ro\/index.php\/wp-json\/wp\/v2\/posts\/44548","targetHints":{"allow":["GET"]}}],"collection":[{"href":"https:\/\/247stiri.ro\/index.php\/wp-json\/wp\/v2\/posts"}],"about":[{"href":"https:\/\/247stiri.ro\/index.php\/wp-json\/wp\/v2\/types\/post"}],"replies":[{"embeddable":true,"href":"https:\/\/247stiri.ro\/index.php\/wp-json\/wp\/v2\/comments?post=44548"}],"version-history":[{"count":0,"href":"https:\/\/247stiri.ro\/index.php\/wp-json\/wp\/v2\/posts\/44548\/revisions"}],"wp:featuredmedia":[{"embeddable":true,"href":"https:\/\/247stiri.ro\/index.php\/wp-json\/wp\/v2\/media\/44539"}],"wp:attachment":[{"href":"https:\/\/247stiri.ro\/index.php\/wp-json\/wp\/v2\/media?parent=44548"}],"wp:term":[{"taxonomy":"category","embeddable":true,"href":"https:\/\/247stiri.ro\/index.php\/wp-json\/wp\/v2\/categories?post=44548"},{"taxonomy":"post_tag","embeddable":true,"href":"https:\/\/247stiri.ro\/index.php\/wp-json\/wp\/v2\/tags?post=44548"}],"curies":[{"name":"wp","href":"https:\/\/api.w.org\/{rel}","templated":true}]}}