{"id":44554,"date":"2025-04-02T16:44:47","date_gmt":"2025-04-02T16:44:47","guid":{"rendered":"https:\/\/247stiri.ro\/index.php\/2025\/04\/02\/un-profesor-de-colegiu-din-oradea-pus-sub-control-judiciar-a-agresat-sexual-un-copil-de-9-ani\/"},"modified":"2025-04-02T16:44:47","modified_gmt":"2025-04-02T16:44:47","slug":"un-profesor-de-colegiu-din-oradea-pus-sub-control-judiciar-a-agresat-sexual-un-copil-de-9-ani","status":"publish","type":"post","link":"https:\/\/247stiri.ro\/index.php\/2025\/04\/02\/un-profesor-de-colegiu-din-oradea-pus-sub-control-judiciar-a-agresat-sexual-un-copil-de-9-ani\/","title":{"rendered":"Un profesor de colegiu din Oradea, pus sub control judiciar. A agresat sexual un copil de 9 ani"},"content":{"rendered":"<p>\u00cen intervalul \u00een care este vizat de aceast\u0103 m\u0103sur\u0103 preventiv\u0103, cadrului didactic i s-a interzis s\u0103 mai profeseze at\u00e2t la \u0219coala unde a fost loc incidentul de care este acuzat, c\u00e2t \u0219i la orice alt\u0103 unitate de \u00eenv\u0103\u021b\u0103m\u00e2nt, a confirmat pentru Bihon procurorul Cristian Ardelean, purt\u0103torul de cuv\u00e2nt al Parchetul de pe l\u00e2ng\u0103 Tribunalul Bihor. \u00cen plus, profesorul nu are voie s\u0103 ia leg\u0103tura cu minorul agresat \u0219i cu martorii din acest caz, a confirmat procurorul Ardelean.<\/p>\n<p>A\u0219a cum Bihon a relatat, profesorul de sport de la Colegiul \u201eIosif Vulcan\u201d din Oradea a fost re\u021binut miercuri diminea\u021b\u0103 de Parchetul de pe l\u00e2ng\u0103 Tribunalul Bihor sub acuza\u021bia de agresiune sexual\u0103. El este acuzat c\u0103 a agresat un elev al \u0219colii, incidentul av\u00e2nd loc pe unul dintre holurile unit\u0103\u021bii de \u00eenv\u0103\u021b\u0103m\u00e2nt.<\/p>\n<p>Copilul, care a fost marcat de ce i s-a \u00eent\u00e2mplat, le-a relatat p\u0103rin\u021bilor cele petrecute, iar ace\u0219tia au reclamat situa\u021bia autorit\u0103\u021bilor. A urmat o perchezi\u021bie f\u0103cut\u0103 \u00een locuin\u021ba b\u0103rbatului, dup\u0103 care s-a decis re\u021binerea lui. \u00cen plus, au fost ridicate imagini de pe camerele de supraveghere din \u0219coal\u0103 care ar fi surprins momentul \u00een care ar fi avut loc agresiunea.<\/p>\n<p>Conform unor surse neoficiale, \u00een prim\u0103 faz\u0103 cazul a fost de competen\u021ba Parchetului Oradea, dar investiga\u021biile au fost preluate de unitatea superioar\u0103, Parchetul de pe l\u00e2ng\u0103 Tribunalul Bihor.<\/p>\n<p>La r\u00e2ndul s\u0103u, Inspectoratul \u0218colar Jude\u021bean Bihor a anun\u021bat c\u0103 la nivelul \u0219colii au fost demarat\u0103 cercetare disciplinar\u0103 a profesorului acuzat, care a \u0219i fost suspendat de la orice activitate cu elevii p\u00e2n\u0103 la finalizarea cercet\u0103rii.<\/p>\n<p>\u201eInspectoratul \u0218colar Jude\u021bean Bihor urm\u0103re\u0219te evolu\u021bia cazului \u0219i dezaprob\u0103 categoric astfel de conduite \u00een r\u00e2ndul personalului angajat. De asemenea, directorilor unit\u0103\u021bilor de \u00eenv\u0103\u021b\u0103m\u00e2nt le solicit\u0103m s\u0103 monitorizeze conduita cadrelor didactice \u00een cadrul comunit\u0103\u021bii \u0219colare \u0219i s\u0103 aplice cu fermitate, dup\u0103 caz, m\u0103surile ce se impun potrivit legii\u201d, se arat\u0103 \u00een informarea I\u0218J Bihor.<\/p>\n<p><a href=\"https:\/\/www.bihon.ro\/stirile-judetului-bihor\/profesorul-oradean-acuzat-de-agresiune-sexuala-pus-sub-control-judiciar-de-parchetul-bihor-4878911\/\" target=\"_blank\">SURSA<\/a><\/p>\n<p>\u00a0<\/p>\n<p>\u00a0<\/p>","protected":false},"excerpt":{"rendered":"<p>\u00cen intervalul \u00een care este vizat de aceast\u0103 m\u0103sur\u0103 preventiv\u0103, cadrului didactic i s-a interzis&hellip;<\/p>\n","protected":false},"author":0,"featured_media":44555,"comment_status":"open","ping_status":"open","sticky":false,"template":"","format":"standard","meta":{"footnotes":""},"categories":[2],"tags":[],"class_list":["post-44554","post","type-post","status-publish","format-standard","has-post-thumbnail","hentry","category-actual"],"_links":{"self":[{"href":"https:\/\/247stiri.ro\/index.php\/wp-json\/wp\/v2\/posts\/44554","targetHints":{"allow":["GET"]}}],"collection":[{"href":"https:\/\/247stiri.ro\/index.php\/wp-json\/wp\/v2\/posts"}],"about":[{"href":"https:\/\/247stiri.ro\/index.php\/wp-json\/wp\/v2\/types\/post"}],"replies":[{"embeddable":true,"href":"https:\/\/247stiri.ro\/index.php\/wp-json\/wp\/v2\/comments?post=44554"}],"version-history":[{"count":0,"href":"https:\/\/247stiri.ro\/index.php\/wp-json\/wp\/v2\/posts\/44554\/revisions"}],"wp:featuredmedia":[{"embeddable":true,"href":"https:\/\/247stiri.ro\/index.php\/wp-json\/wp\/v2\/media\/44555"}],"wp:attachment":[{"href":"https:\/\/247stiri.ro\/index.php\/wp-json\/wp\/v2\/media?parent=44554"}],"wp:term":[{"taxonomy":"category","embeddable":true,"href":"https:\/\/247stiri.ro\/index.php\/wp-json\/wp\/v2\/categories?post=44554"},{"taxonomy":"post_tag","embeddable":true,"href":"https:\/\/247stiri.ro\/index.php\/wp-json\/wp\/v2\/tags?post=44554"}],"curies":[{"name":"wp","href":"https:\/\/api.w.org\/{rel}","templated":true}]}}