{"id":44556,"date":"2025-04-02T16:44:47","date_gmt":"2025-04-02T16:44:47","guid":{"rendered":"https:\/\/247stiri.ro\/index.php\/2025\/04\/02\/garda-de-mediu-control-fulger-in-comuna-cuza-voda-din-calarasi-au-fost-confiscate-peste-60-de-tone-de-deseuri-video\/"},"modified":"2025-04-02T16:44:47","modified_gmt":"2025-04-02T16:44:47","slug":"garda-de-mediu-control-fulger-in-comuna-cuza-voda-din-calarasi-au-fost-confiscate-peste-60-de-tone-de-deseuri-video","status":"publish","type":"post","link":"https:\/\/247stiri.ro\/index.php\/2025\/04\/02\/garda-de-mediu-control-fulger-in-comuna-cuza-voda-din-calarasi-au-fost-confiscate-peste-60-de-tone-de-deseuri-video\/","title":{"rendered":"Garda de Mediu, control fulger \u00een comuna Cuza Vod\u0103, din C\u0103l\u0103ra\u0219i. Au fost confiscate peste 60 de tone de de\u0219euri VIDEO"},"content":{"rendered":"<p>Un control inopinat al G\u0103rzii Na\u021bionale de Mediu, care a vizat agen\u021bii economici ce desf\u0103\u0219oar\u0103\u00a0activit\u0103\u021bi de colectare \u0219i tratare a vehiculelor scoase din uz (VSU), s-a desf\u0103\u0219urat, ast\u0103zi, \u00een localitatea Cuza Vod\u0103 din jude\u021bul C\u0103l\u0103ra\u0219i, cu participarea jandarmilor din cadrul I.J.J C\u0103l\u0103ra\u0219i \u0219i a poli\u021bi\u0219tilor de la I.P.J C\u0103l\u0103ra\u0219i.\u00a0\u00cen timpul verific\u0103rilor, a fost depistat\u0103 o persoan\u0103 fizic\u0103 ce desf\u0103\u0219ura activit\u0103\u021bi de dezmembrare a vehiculelor scoase din uz f\u0103r\u0103 a de\u021bine autoriza\u021bie de mediu, pe un amplasament neautorizat \u0219i neamenajat, unde de\u0219eurile erau stocate direct pe sol, exist\u00e2nd riscul contamin\u0103rii solului \u0219i a p\u00e2nzei freatice.\u00a0\u00a0Pentru lipsa actelor de reglementare \u0219i pentru neregulile constatate, comisarii GNM au aplicat o sanc\u021biune contraven\u021bional\u0103 \u00een valoare de 45.000 lei, fiind confiscat\u0103 \u0219i cantitatea de aproximativ 60 de tone de de\u0219euri reciclabile, aflat\u0103 pe amplasament.\u00a0\u00a0Astfel de ac\u021biuni de control fulger la colectorii \u0219i valorificatorii de de\u0219euri reciclabile de diverse categorii vor fi organizate de Garda Na\u021bional\u0103 de Mediu \u0219i \u00een alte jude\u021be, \u00een scopul respect\u0103rii legisla\u021biei de mediu \u00een domeniul de\u0219eurilor valorificabile.\u00a0<\/p>","protected":false},"excerpt":{"rendered":"<p>Un control inopinat al G\u0103rzii Na\u021bionale de Mediu, care a vizat agen\u021bii economici ce desf\u0103\u0219oar\u0103\u00a0activit\u0103\u021bi&hellip;<\/p>\n","protected":false},"author":0,"featured_media":44557,"comment_status":"open","ping_status":"open","sticky":false,"template":"","format":"standard","meta":{"footnotes":""},"categories":[2],"tags":[],"class_list":["post-44556","post","type-post","status-publish","format-standard","has-post-thumbnail","hentry","category-actual"],"_links":{"self":[{"href":"https:\/\/247stiri.ro\/index.php\/wp-json\/wp\/v2\/posts\/44556","targetHints":{"allow":["GET"]}}],"collection":[{"href":"https:\/\/247stiri.ro\/index.php\/wp-json\/wp\/v2\/posts"}],"about":[{"href":"https:\/\/247stiri.ro\/index.php\/wp-json\/wp\/v2\/types\/post"}],"replies":[{"embeddable":true,"href":"https:\/\/247stiri.ro\/index.php\/wp-json\/wp\/v2\/comments?post=44556"}],"version-history":[{"count":0,"href":"https:\/\/247stiri.ro\/index.php\/wp-json\/wp\/v2\/posts\/44556\/revisions"}],"wp:featuredmedia":[{"embeddable":true,"href":"https:\/\/247stiri.ro\/index.php\/wp-json\/wp\/v2\/media\/44557"}],"wp:attachment":[{"href":"https:\/\/247stiri.ro\/index.php\/wp-json\/wp\/v2\/media?parent=44556"}],"wp:term":[{"taxonomy":"category","embeddable":true,"href":"https:\/\/247stiri.ro\/index.php\/wp-json\/wp\/v2\/categories?post=44556"},{"taxonomy":"post_tag","embeddable":true,"href":"https:\/\/247stiri.ro\/index.php\/wp-json\/wp\/v2\/tags?post=44556"}],"curies":[{"name":"wp","href":"https:\/\/api.w.org\/{rel}","templated":true}]}}