{"id":44574,"date":"2025-04-02T18:44:50","date_gmt":"2025-04-02T18:44:50","guid":{"rendered":"https:\/\/247stiri.ro\/index.php\/2025\/04\/02\/descoperire-socanta-in-hunedoara-un-barbat-a-fost-gasit-mort-la-doua-luni-dupa-ce-a-fost-dat-disparut\/"},"modified":"2025-04-02T18:44:50","modified_gmt":"2025-04-02T18:44:50","slug":"descoperire-socanta-in-hunedoara-un-barbat-a-fost-gasit-mort-la-doua-luni-dupa-ce-a-fost-dat-disparut","status":"publish","type":"post","link":"https:\/\/247stiri.ro\/index.php\/2025\/04\/02\/descoperire-socanta-in-hunedoara-un-barbat-a-fost-gasit-mort-la-doua-luni-dupa-ce-a-fost-dat-disparut\/","title":{"rendered":"Descoperire \u0219ocant\u0103 \u00een Hunedoara! Un b\u0103rbat a fost g\u0103sit mort, la dou\u0103 luni dup\u0103 ce a fost dat disp\u0103rut"},"content":{"rendered":"<p>Inspectoratul de Poli\u021bie Jude\u021bean Hunedoara a transmis miercuri c\u0103 un b\u0103rbat \u00een v\u00e2rst\u0103 de 57 de ani, din comuna T\u0103t\u0103ru\u0219i, jude\u021bul Ia\u0219i, a fost g\u0103sit <a href=\"https:\/\/www.realitatea.net\/stiri\/lifestyle\/mituri-mai-putin-stiute-de-ce-barbatii-nu-se-saluta-la-inmormantari-o-traditie-veche-si-neinteleasa_67ed4068e9def717c00c76e2\" target=\"_blank\">mort<\/a> \u00eentr-o p\u0103dure din zona comunei B\u0103tr\u00e2na.\u00a0<\/p>\n<p>Potrivit oamenilor legii, victima despre care rudele \u0219tiau c\u0103 este la munc\u0103 \u00een jude\u021bul Hunedoara \u00a0a fost dat\u0103 disp\u0103rut\u0103 \u00een urm\u0103 cu dou\u0103 luni.\u00a0<\/p>\n<p>Trupul s\u0103u ne\u00eensufle\u021bit a fost observat \u00eentr-o r\u00e2p\u0103, la aproximativ \u0219ase kilometri de locul unde a fost cazat, de c\u00e2\u021biva muncitorii forestieri care lucrau \u00een zon\u0103.<\/p>\n<p>\u201d\u00cen cauz\u0103 nu sunt suspiciuni privind comiterea vreunei fapte de natur\u0103 penal\u0103\u201d, a transmis Inspectoratul de Poli\u021bie Jude\u021bean Hunedoara.\u00a0<\/p>\n<p>La \u00eenceputul lunii februarie, zeci de poli\u021bi\u0219ti, jandarmi, reprezentan\u021bi ai ISU, Salvamont \u0219i Direc\u021biei Silvice Hunedoara, al\u0103turi de un c\u00e2ine de urm\u0103, au pornit \u00een c\u0103utarea b\u0103rbatului, despre care se \u0219tia c\u0103 se afl\u0103 la munc\u0103 \u00een jude\u021bul Hunedoara.<\/p>\n<p>\u00cen misiunea de c\u0103utare au fost utilizate o dron\u0103 din dotarea Serviciului Public Jude\u021bean Salvamont \u0219i un binoclu cu termoviziune. Dup\u0103 mai multe zile, opera\u021biunile s-au \u00eencheiat f\u0103r\u0103 succes.<\/p>","protected":false},"excerpt":{"rendered":"<p>Inspectoratul de Poli\u021bie Jude\u021bean Hunedoara a transmis miercuri c\u0103 un b\u0103rbat \u00een v\u00e2rst\u0103 de 57&hellip;<\/p>\n","protected":false},"author":0,"featured_media":44575,"comment_status":"open","ping_status":"open","sticky":false,"template":"","format":"standard","meta":{"footnotes":""},"categories":[2],"tags":[],"class_list":["post-44574","post","type-post","status-publish","format-standard","has-post-thumbnail","hentry","category-actual"],"_links":{"self":[{"href":"https:\/\/247stiri.ro\/index.php\/wp-json\/wp\/v2\/posts\/44574","targetHints":{"allow":["GET"]}}],"collection":[{"href":"https:\/\/247stiri.ro\/index.php\/wp-json\/wp\/v2\/posts"}],"about":[{"href":"https:\/\/247stiri.ro\/index.php\/wp-json\/wp\/v2\/types\/post"}],"replies":[{"embeddable":true,"href":"https:\/\/247stiri.ro\/index.php\/wp-json\/wp\/v2\/comments?post=44574"}],"version-history":[{"count":0,"href":"https:\/\/247stiri.ro\/index.php\/wp-json\/wp\/v2\/posts\/44574\/revisions"}],"wp:featuredmedia":[{"embeddable":true,"href":"https:\/\/247stiri.ro\/index.php\/wp-json\/wp\/v2\/media\/44575"}],"wp:attachment":[{"href":"https:\/\/247stiri.ro\/index.php\/wp-json\/wp\/v2\/media?parent=44574"}],"wp:term":[{"taxonomy":"category","embeddable":true,"href":"https:\/\/247stiri.ro\/index.php\/wp-json\/wp\/v2\/categories?post=44574"},{"taxonomy":"post_tag","embeddable":true,"href":"https:\/\/247stiri.ro\/index.php\/wp-json\/wp\/v2\/tags?post=44574"}],"curies":[{"name":"wp","href":"https:\/\/api.w.org\/{rel}","templated":true}]}}