{"id":44605,"date":"2025-04-03T04:44:54","date_gmt":"2025-04-03T04:44:54","guid":{"rendered":"https:\/\/247stiri.ro\/index.php\/2025\/04\/03\/ursula-von-der-leyen-reactie-virulenta-dupa-ce-trump-a-anuntat-taxe-de-20-pentru-produsele-europene-vom-lua-contramasuri\/"},"modified":"2025-04-03T04:44:54","modified_gmt":"2025-04-03T04:44:54","slug":"ursula-von-der-leyen-reactie-virulenta-dupa-ce-trump-a-anuntat-taxe-de-20-pentru-produsele-europene-vom-lua-contramasuri","status":"publish","type":"post","link":"https:\/\/247stiri.ro\/index.php\/2025\/04\/03\/ursula-von-der-leyen-reactie-virulenta-dupa-ce-trump-a-anuntat-taxe-de-20-pentru-produsele-europene-vom-lua-contramasuri\/","title":{"rendered":"Ursula von der Leyen, reac\u021bie virulent\u0103 dup\u0103 ce Trump a anun\u021bat taxe de 20% pentru produsele europene: Vom lua contram\u0103suri"},"content":{"rendered":"<p>De asemenea, von der Leyen a \u00eendemnat Statele Unite s\u0103 \u201etreac\u0103 de la confruntare la negociere\u201d.<\/p>\n<p>Declara\u021bia vine \u00een contextul \u00een care pre\u0219edintele SUA a impus, miercuri, o tax\u0103 minim\u0103 de 10% pentru importurile provenite din toate \u021b\u0103rile lumii, UE fiind inclus\u0103 pe o list\u0103 cu 60 de entit\u0103\u021bi pentru care autorit\u0103\u021bile americane vor aplica tarife de cel pu\u021bin 20%.<\/p>\n<p>Taxele ar urma s\u0103 intre \u00een vigoare miercurea viitoare. El a anun\u021bat, de asemenea, cu efect imediat, tarife de 25% la autovehiculele fabricate \u00een afara SUA.<\/p>\n<p>\u201eFinaliz\u0103m deja primul pachet de contram\u0103suri ca r\u0103spuns la tarifele impuse la o\u021bel. \u0218i acum ne preg\u0103tim pentru contram\u0103suri suplimentare pentru a ne proteja interesele \u0219i afacerile \u00een cazul \u00een care negocierile e\u0219ueaz\u0103\u201d, a spus von der Leyen, \u00eentr-o declara\u021bie transmis\u0103 de la Samarkand, \u00een Uzbekistan, joi, \u00eenaintea reuniunii la nivel \u00eenalt al Parteneriatului UE-Asia Central\u0103.<\/p>","protected":false},"excerpt":{"rendered":"<p>De asemenea, von der Leyen a \u00eendemnat Statele Unite s\u0103 \u201etreac\u0103 de la confruntare la&hellip;<\/p>\n","protected":false},"author":0,"featured_media":44606,"comment_status":"open","ping_status":"open","sticky":false,"template":"","format":"standard","meta":{"footnotes":""},"categories":[4],"tags":[],"class_list":["post-44605","post","type-post","status-publish","format-standard","has-post-thumbnail","hentry","category-extern"],"_links":{"self":[{"href":"https:\/\/247stiri.ro\/index.php\/wp-json\/wp\/v2\/posts\/44605","targetHints":{"allow":["GET"]}}],"collection":[{"href":"https:\/\/247stiri.ro\/index.php\/wp-json\/wp\/v2\/posts"}],"about":[{"href":"https:\/\/247stiri.ro\/index.php\/wp-json\/wp\/v2\/types\/post"}],"replies":[{"embeddable":true,"href":"https:\/\/247stiri.ro\/index.php\/wp-json\/wp\/v2\/comments?post=44605"}],"version-history":[{"count":0,"href":"https:\/\/247stiri.ro\/index.php\/wp-json\/wp\/v2\/posts\/44605\/revisions"}],"wp:featuredmedia":[{"embeddable":true,"href":"https:\/\/247stiri.ro\/index.php\/wp-json\/wp\/v2\/media\/44606"}],"wp:attachment":[{"href":"https:\/\/247stiri.ro\/index.php\/wp-json\/wp\/v2\/media?parent=44605"}],"wp:term":[{"taxonomy":"category","embeddable":true,"href":"https:\/\/247stiri.ro\/index.php\/wp-json\/wp\/v2\/categories?post=44605"},{"taxonomy":"post_tag","embeddable":true,"href":"https:\/\/247stiri.ro\/index.php\/wp-json\/wp\/v2\/tags?post=44605"}],"curies":[{"name":"wp","href":"https:\/\/api.w.org\/{rel}","templated":true}]}}