{"id":44615,"date":"2025-04-03T04:44:58","date_gmt":"2025-04-03T04:44:58","guid":{"rendered":"https:\/\/247stiri.ro\/index.php\/2025\/04\/03\/sedinta-cruciala-la-guvern-decizii-importante-pe-agenda-cum-vor-fi-afectati-romanii\/"},"modified":"2025-04-03T04:44:58","modified_gmt":"2025-04-03T04:44:58","slug":"sedinta-cruciala-la-guvern-decizii-importante-pe-agenda-cum-vor-fi-afectati-romanii","status":"publish","type":"post","link":"https:\/\/247stiri.ro\/index.php\/2025\/04\/03\/sedinta-cruciala-la-guvern-decizii-importante-pe-agenda-cum-vor-fi-afectati-romanii\/","title":{"rendered":"\u0218edin\u021b\u0103 crucial\u0103 la Guvern: decizii importante pe agend\u0103 &#8211; cum vor fi afecta\u021bi rom\u00e2nii"},"content":{"rendered":"<p>Guvernul va aproba, ast\u0103zi, prin hot\u0103r\u00e2re, schema de &#8216;Ajutor de minimis pentru aplicarea Programului de sus\u021binere a produc\u021biei de legume cultivate \u00een spa\u021bii protejate&#8217; \u00een perioada 2025-2027.<\/p>\n<p>&#8222;Prezenta hot\u0103r\u00e2re stabile\u0219te o schem\u0103 transparent\u0103 de ajutor de minimis, potrivit prevederilor Regulamentului (UE) nr. 1408\/2013 privind aplicarea articolelor 107 \u0219i 108 din Tratatul privind func\u021bionarea Uniunii Europene ajutoarelor de minimis \u00een sectorul agricol, modificat prin Regulamentul (UE) 2024\/3118 al Comisiei din 10 decembrie 2024, denumit \u00een continuare Regulament. Schema de ajutor de minimis se aplic\u0103 pe \u00eentreg teritoriul Rom\u00e2niei, \u00een perioada 2025-2027, pentru sus\u021binerea produc\u021biei de legume cultivate \u00een spa\u021bii protejate, respectiv: ardei gras \u0219i\/sau lung \u0219i\/sau gogo\u0219ar \u0219i\/sau iute, castrave\u021bi, ceap\u0103 verde, fasole p\u0103st\u0103i, salat\u0103, spanac, tomate, varz\u0103 \u0219i vinete. Schema de ajutor de minimis se acord\u0103 \u00eentreprinderilor\/\u00eentreprinderilor unice care \u00ee\u0219i desf\u0103\u0219oar\u0103 activitatea \u00een domeniul produc\u021biei primare de produse agricole, pentru sus\u021binerea produc\u021biei de legume cultivate \u00een spa\u021bii protejate&#8221;, se arat\u0103 \u00een nota de fundamentare a proiectului.<\/p>\n<p>Printr-o alt\u0103 hot\u0103r\u00e2re, Executivul va aproba Ghidul carierei cadrelor militare \u00een activitate din Inspectoratul General pentru Situa\u021bii de Urgen\u021b\u0103 \u0219i din unit\u0103\u021bile subordonate.<\/p>\n<p>&#8222;Prin adoptarea proiectului de act normativ se regleaz\u0103 o serie de neconcordan\u021be care \u00eengreuneaz\u0103 sau \u00een unele situa\u021bii blocheaz\u0103 procesul de ocupare al posturilor \u0219i de promovare pe func\u021bii a personalului Inspectoratului General pentru Situa\u021bii de Urgen\u021b\u0103 \u0219i al unit\u0103\u021bilor subordonate. Prin reformularea unor defini\u021bii, precum \u0219i prin introducerea altora noi se limiteaz\u0103 caracterul interpretativ al actului normativ. Fa\u021b\u0103 de actul normativ \u00een vigoare, \u00een care sunt omise unele structuri sau func\u021bii, proiectul de fa\u021b\u0103 trateaz\u0103 toate structurile \u0219i toate func\u021biile existente \u00een statele de organizare ale inspectoratului general \u0219i ale unit\u0103\u021bilor subordonate. \u00cen acela\u0219i timp, se reglementeaz\u0103 \u0219i mutarea cadrelor militare \u0219i ocuparea func\u021biilor de comand\u0103 de c\u0103tre cadre militare care \u00eencadreaz\u0103 func\u021bii de execu\u021bie cu coeficient superior, situa\u021bii care, de asemenea, nu sunt prev\u0103zute de actul normativ \u00een vigoare&#8221;, conform notei de fundamentare.<\/p>\n<p>Guvernul va acorda, prin hot\u0103r\u00e2re, ajutoare de urgen\u021b\u0103 \u00een sum\u0103 total\u0103 de 2.179.000 lei pentru sprijinirea unui num\u0103r total de 509 familii \u0219i persoane singure care se afl\u0103 \u00een situa\u021bii de necesitate cauzate de incendii, fenomene meteorologice severe, alunec\u0103ri de teren ori \u00een situa\u021bii deosebite determinate de starea de s\u0103n\u0103tate ori alte cauze care pot conduce la cre\u0219terea riscului de excluziune social\u0103, \u00een vederea amelior\u0103rii situa\u021biei socio-materiale, de locuit \u0219i de s\u0103n\u0103tate a acestora, din 35 de jude\u021be \u0219i municipiul Bucure\u0219ti.<\/p>\n<p>Pe agenda \u0219edin\u021bei de guvern figureaz\u0103 \u0219i un proiect de hot\u0103r\u00e2re privind acceptarea de c\u0103tre statul rom\u00e2n a dona\u021biei unui bun mobil, ca opera\u021biune compensatorie, din partea Harris Global Communications Inc \u0219i darea \u00een administrarea Ministerului Ap\u0103r\u0103rii Na\u021bionale a acestui bun.<\/p>\n<p>Va fi aprobat\u0103 \u0219i o hot\u0103r\u00e2re privind organizarea \u0219i func\u021bionarea Agen\u021biei Na\u021bionale pentru Mediu \u0219i Arii Protejate.<\/p>\n<p>Executivul va aproba, tot prin hot\u0103r\u00e2re, recunoa\u0219terea Asocia\u021biei Club Sportiv Sepsi OSK ca fiind de utilitate public\u0103.<\/p>\n<p>Un alt proiect de hot\u0103r\u00e2re vizeaz\u0103 participarea Rom\u00e2niei la cel de-al doilea ciclu al Programului de evaluare interna\u021bional\u0103 a competen\u021belor adul\u021bilor PIAAC 2025-2029 dezvoltat de Organiza\u021bia pentru Cooperare \u0219i Dezvoltare Economic\u0103.<\/p>\n<p>Guvernul va aproba \u0219i un proiect de hot\u0103r\u00e2re privind declan\u0219area procedurilor de expropriere a tuturor imobilelor proprietate privat\u0103 care constituie coridorul de expropriere al lucr\u0103rii de utilitate public\u0103 de interes na\u021bional, aprobarea listei imobilelor proprietate public\u0103 a statului, precum \u0219i aprobarea listei imobilelor proprietate public\u0103 a unit\u0103\u021bilor administrativ-teritoriale, care fac parte din coridorul de expropriere al lucr\u0103rii de utilitate public\u0103 de interes na\u021bional &#8216;Varianta de ocolire Buftea&#8217;.<\/p>\n<p>&#8216;Pentru prezentul act normativ este necesar\u0103 aprobarea sumei cu titlu de desp\u0103gubire, \u00een valoare de 17.340,5 mii lei aferent\u0103 unui num\u0103r de 194 imobile, \u00een suprafa\u021b\u0103 total\u0103 de 290.001 mp teren, astfel cum este prev\u0103zut \u00een anexa nr. 2 la prezentul proiect de act normativ&#8217;, se precizeaz\u0103 \u00een nota de fundamentare.<\/p>\n<p>\u00cen analiza Executivului se va afla \u0219i un proiect de ordonan\u021b\u0103 de urgen\u021b\u0103 pentru modificarea \u0219i completarea titlului X din Legea nr. 227\/2015 privind Codul fiscal, precum \u0219i pentru modificarea \u0219i completarea unor acte normative.<\/p>\n<p>Va fi analizat \u0219i un proiect de hot\u0103r\u00e2re pentru adoptarea Strategiei de dezvoltare a sistemului judiciar \u0219i a justi\u021biei ca serviciu public 2025-2029 \u0219i a planului de ac\u021biune aferent acesteia.<\/p>\n<p>Printr-un memorandum, Executivul va aproba cadrul \u0219i tema de analiz\u0103 a cheltuielilor publice din domeniul transporturilor.<\/p>","protected":false},"excerpt":{"rendered":"<p>Guvernul va aproba, ast\u0103zi, prin hot\u0103r\u00e2re, schema de &#8216;Ajutor de minimis pentru aplicarea Programului de&hellip;<\/p>\n","protected":false},"author":0,"featured_media":44616,"comment_status":"open","ping_status":"open","sticky":false,"template":"","format":"standard","meta":{"footnotes":""},"categories":[3],"tags":[],"class_list":["post-44615","post","type-post","status-publish","format-standard","has-post-thumbnail","hentry","category-politica"],"_links":{"self":[{"href":"https:\/\/247stiri.ro\/index.php\/wp-json\/wp\/v2\/posts\/44615","targetHints":{"allow":["GET"]}}],"collection":[{"href":"https:\/\/247stiri.ro\/index.php\/wp-json\/wp\/v2\/posts"}],"about":[{"href":"https:\/\/247stiri.ro\/index.php\/wp-json\/wp\/v2\/types\/post"}],"replies":[{"embeddable":true,"href":"https:\/\/247stiri.ro\/index.php\/wp-json\/wp\/v2\/comments?post=44615"}],"version-history":[{"count":0,"href":"https:\/\/247stiri.ro\/index.php\/wp-json\/wp\/v2\/posts\/44615\/revisions"}],"wp:featuredmedia":[{"embeddable":true,"href":"https:\/\/247stiri.ro\/index.php\/wp-json\/wp\/v2\/media\/44616"}],"wp:attachment":[{"href":"https:\/\/247stiri.ro\/index.php\/wp-json\/wp\/v2\/media?parent=44615"}],"wp:term":[{"taxonomy":"category","embeddable":true,"href":"https:\/\/247stiri.ro\/index.php\/wp-json\/wp\/v2\/categories?post=44615"},{"taxonomy":"post_tag","embeddable":true,"href":"https:\/\/247stiri.ro\/index.php\/wp-json\/wp\/v2\/tags?post=44615"}],"curies":[{"name":"wp","href":"https:\/\/api.w.org\/{rel}","templated":true}]}}