{"id":44628,"date":"2025-04-03T05:45:20","date_gmt":"2025-04-03T05:45:20","guid":{"rendered":"https:\/\/247stiri.ro\/index.php\/2025\/04\/03\/dosarul-baby-gang-banda-infractionala-de-romani-destructurata-in-italia-50-de-persoane-au-fost-arestate-18-hoti-sunt-minori-cu-25-de-jafuri-la-activ\/"},"modified":"2025-04-03T05:45:20","modified_gmt":"2025-04-03T05:45:20","slug":"dosarul-baby-gang-banda-infractionala-de-romani-destructurata-in-italia-50-de-persoane-au-fost-arestate-18-hoti-sunt-minori-cu-25-de-jafuri-la-activ","status":"publish","type":"post","link":"https:\/\/247stiri.ro\/index.php\/2025\/04\/03\/dosarul-baby-gang-banda-infractionala-de-romani-destructurata-in-italia-50-de-persoane-au-fost-arestate-18-hoti-sunt-minori-cu-25-de-jafuri-la-activ\/","title":{"rendered":"Dosarul &#8222;Baby-gang&#8221;. Band\u0103 infrac\u021bional\u0103 de rom\u00e2ni, destructurat\u0103 \u00een Italia: 50 de persoane au fost arestate. 18 ho\u021bi sunt minori cu 25 de jafuri la activ"},"content":{"rendered":"<p>Poli\u021bia italian\u0103 a prins o adev\u0103rat\u0103 band\u0103 infrac\u021bional\u0103, dup\u0103 ce au arestat 50 de persoane \u00een Milano. Printre cei aresta\u021bi se aflau \u0219i rom\u00e2ni, cei mai mul\u021bi sunt adolescen\u021bi. Organiza\u021bia a fost numit\u0103 de c\u0103tre Ministerul de Interne &#8222;baby-gang&#8221;, \u00een traducere \u201ebanda de bebelu\u0219i\u201d.<\/p>\n<p>Ministrul a declarat c\u0103 opera\u021biunea desf\u0103\u0219urat\u0103 \u00een Milano este a mia demonstra\u021bie a dedic\u0103rii pe care for\u021bele de poli\u021bie o au \u00een lupta \u00eempotriva criminalit\u0103\u021bii \u0219i ilegalit\u0103\u021bii de pe str\u0103zile Italiei.<\/p>\n<p>\u00cen total, \u00een timpul anchetei, s-a descoperit c\u0103 aresta\u021bii sunt f\u0103pta\u0219ii a 25 de jafuri. Ei furau bijuterii, coliere scumpe \u0219i ceasuri de lux. Apoi, le duceau \u00eentr-un apartament.\u00a0<\/p>\n<p>O familie de \u0219apte persoane, de origine rom\u00e2n\u0103, conducea totul. To\u021bi au fost aresta\u021bi sub acuza\u021bia de conspira\u021bie criminal\u0103. Ho\u021bii colaborau cu mai multe persoane, astfel, reu\u0219eau s\u0103 transporte aurul \u0219i s\u0103 \u00eel v\u00e2nd\u0103 \u00een Rom\u00e2nia.<\/p>","protected":false},"excerpt":{"rendered":"<p>Poli\u021bia italian\u0103 a prins o adev\u0103rat\u0103 band\u0103 infrac\u021bional\u0103, dup\u0103 ce au arestat 50 de persoane&hellip;<\/p>\n","protected":false},"author":0,"featured_media":44629,"comment_status":"open","ping_status":"open","sticky":false,"template":"","format":"standard","meta":{"footnotes":""},"categories":[4],"tags":[],"class_list":["post-44628","post","type-post","status-publish","format-standard","has-post-thumbnail","hentry","category-extern"],"_links":{"self":[{"href":"https:\/\/247stiri.ro\/index.php\/wp-json\/wp\/v2\/posts\/44628","targetHints":{"allow":["GET"]}}],"collection":[{"href":"https:\/\/247stiri.ro\/index.php\/wp-json\/wp\/v2\/posts"}],"about":[{"href":"https:\/\/247stiri.ro\/index.php\/wp-json\/wp\/v2\/types\/post"}],"replies":[{"embeddable":true,"href":"https:\/\/247stiri.ro\/index.php\/wp-json\/wp\/v2\/comments?post=44628"}],"version-history":[{"count":0,"href":"https:\/\/247stiri.ro\/index.php\/wp-json\/wp\/v2\/posts\/44628\/revisions"}],"wp:featuredmedia":[{"embeddable":true,"href":"https:\/\/247stiri.ro\/index.php\/wp-json\/wp\/v2\/media\/44629"}],"wp:attachment":[{"href":"https:\/\/247stiri.ro\/index.php\/wp-json\/wp\/v2\/media?parent=44628"}],"wp:term":[{"taxonomy":"category","embeddable":true,"href":"https:\/\/247stiri.ro\/index.php\/wp-json\/wp\/v2\/categories?post=44628"},{"taxonomy":"post_tag","embeddable":true,"href":"https:\/\/247stiri.ro\/index.php\/wp-json\/wp\/v2\/tags?post=44628"}],"curies":[{"name":"wp","href":"https:\/\/api.w.org\/{rel}","templated":true}]}}