{"id":44648,"date":"2025-04-03T06:45:07","date_gmt":"2025-04-03T06:45:07","guid":{"rendered":"https:\/\/247stiri.ro\/index.php\/2025\/04\/03\/vacanta-de-paste-2025-cand-incepe-si-cat-dureaza-bucurie-mare-pentru-elevi\/"},"modified":"2025-04-03T06:45:07","modified_gmt":"2025-04-03T06:45:07","slug":"vacanta-de-paste-2025-cand-incepe-si-cat-dureaza-bucurie-mare-pentru-elevi","status":"publish","type":"post","link":"https:\/\/247stiri.ro\/index.php\/2025\/04\/03\/vacanta-de-paste-2025-cand-incepe-si-cat-dureaza-bucurie-mare-pentru-elevi\/","title":{"rendered":"Vacan\u021ba de Pa\u0219te 2025: c\u00e2nd \u00eencepe \u0219i c\u00e2t dureaz\u0103. Bucurie mare pentru elevi"},"content":{"rendered":"<p>C\u00e2t dureaz\u0103 vacan\u021ba de Pa\u0219te \u00een 2025?<\/p>\n<p>\u00cen acest an, Pa\u0219tele ortodox \u0219i cel catolic vor fi s\u0103rb\u0103torite \u00een aceea\u0219i zi, ceea ce influen\u021beaz\u0103 durata vacan\u021bei de prim\u0103var\u0103. Astfel, elevii se vor bucura de 10 zile libere, urm\u00e2nd s\u0103 revin\u0103 la cursuri pe 28 aprilie. Dup\u0103 aceast\u0103 perioad\u0103, va \u00eencepe ultimul modul de \u00eenv\u0103\u021bare al anului \u0219colar.<\/p>\n<p><a href=\"https:\/\/www.realitatea.net\/stiri\/actual\/vacanta-de-paste-2025-cand-incepe-cate-zile-libere-vor-avea-elevii-si-cand-vor-fi-reluate-cursurile_67e64a42f7ae3075a74ac992\" target=\"_blank\">Pe l\u00e2ng\u0103 vacan\u021ba de Pa\u0219te,<\/a> elevii vor mai avea c\u00e2teva zile libere cu ocazia Rusaliilor. \u00cen 2025, prima zi de Rusalii va fi pe 8 iunie, iar ziua de luni, 9 iunie, va fi nelucr\u0103toare, oferind un weekend prelungit.<\/p>\n<p>Calendarul anului \u0219colar 2025-2026<\/p>\n<p>Ministerul Educa\u021biei a stabilit structura anului \u0219colar 2025-2026, care va include urm\u0103toarele perioade de cursuri \u0219i vacan\u021be:<\/p>\n<p>8 septembrie \u2013 24 octombrie 2025<\/p>\n<p>3 noiembrie \u2013 19 decembrie 2025<\/p>\n<p>8 ianuarie \u2013 6, 13 sau 20 februarie 2026 (\u00een func\u021bie de decizia inspectoratelor \u0219colare)<\/p>\n<p>16, 23 februarie sau 2 martie \u2013 3 aprilie 2026 (perioad\u0103 variabil\u0103, stabilit\u0103 de inspectoratele \u0219colare)<\/p>\n<p>15 aprilie \u2013 19 iunie 2026<\/p>\n<p><a href=\"https:\/\/www.realitatea.net\/stiri\/lifestyle\/vacanta-de-paste-pe-litoral-in-romania-cat-costa-si-ce-oferte-sunt-disponibile_67e2f87d679ac651406dfd72\" target=\"_blank\">Vacan\u021bele \u0219colare<\/a> sunt esen\u021biale pentru elevi, oferindu-le timp de odihn\u0103 \u0219i refacere \u00eenainte de examenele \u0219i evalu\u0103rile finale. Indiferent de durata lor, aceste pauze sunt a\u0219teptate cu ner\u0103bdare de to\u021bi elevii.<\/p>\n<p>\u00a0<\/p>","protected":false},"excerpt":{"rendered":"<p>C\u00e2t dureaz\u0103 vacan\u021ba de Pa\u0219te \u00een 2025? \u00cen acest an, Pa\u0219tele ortodox \u0219i cel catolic&hellip;<\/p>\n","protected":false},"author":0,"featured_media":44649,"comment_status":"open","ping_status":"open","sticky":false,"template":"","format":"standard","meta":{"footnotes":""},"categories":[2],"tags":[],"class_list":["post-44648","post","type-post","status-publish","format-standard","has-post-thumbnail","hentry","category-actual"],"_links":{"self":[{"href":"https:\/\/247stiri.ro\/index.php\/wp-json\/wp\/v2\/posts\/44648","targetHints":{"allow":["GET"]}}],"collection":[{"href":"https:\/\/247stiri.ro\/index.php\/wp-json\/wp\/v2\/posts"}],"about":[{"href":"https:\/\/247stiri.ro\/index.php\/wp-json\/wp\/v2\/types\/post"}],"replies":[{"embeddable":true,"href":"https:\/\/247stiri.ro\/index.php\/wp-json\/wp\/v2\/comments?post=44648"}],"version-history":[{"count":0,"href":"https:\/\/247stiri.ro\/index.php\/wp-json\/wp\/v2\/posts\/44648\/revisions"}],"wp:featuredmedia":[{"embeddable":true,"href":"https:\/\/247stiri.ro\/index.php\/wp-json\/wp\/v2\/media\/44649"}],"wp:attachment":[{"href":"https:\/\/247stiri.ro\/index.php\/wp-json\/wp\/v2\/media?parent=44648"}],"wp:term":[{"taxonomy":"category","embeddable":true,"href":"https:\/\/247stiri.ro\/index.php\/wp-json\/wp\/v2\/categories?post=44648"},{"taxonomy":"post_tag","embeddable":true,"href":"https:\/\/247stiri.ro\/index.php\/wp-json\/wp\/v2\/tags?post=44648"}],"curies":[{"name":"wp","href":"https:\/\/api.w.org\/{rel}","templated":true}]}}