{"id":44652,"date":"2025-04-03T06:45:09","date_gmt":"2025-04-03T06:45:09","guid":{"rendered":"https:\/\/247stiri.ro\/index.php\/2025\/04\/03\/bercea-mondialu-si-9-complici-retinuti-dupa-o-noapte-de-audieri-nu-am-dat-doamna-niciun-ban-cu-camata-am-vandut-skode\/"},"modified":"2025-04-03T06:45:09","modified_gmt":"2025-04-03T06:45:09","slug":"bercea-mondialu-si-9-complici-retinuti-dupa-o-noapte-de-audieri-nu-am-dat-doamna-niciun-ban-cu-camata-am-vandut-skode","status":"publish","type":"post","link":"https:\/\/247stiri.ro\/index.php\/2025\/04\/03\/bercea-mondialu-si-9-complici-retinuti-dupa-o-noapte-de-audieri-nu-am-dat-doamna-niciun-ban-cu-camata-am-vandut-skode\/","title":{"rendered":"Bercea Mondialu \u0219i 9 complici, re\u021binu\u021bi dup\u0103 o noapte de audieri: &#8216;Nu am dat, doamn\u0103, niciun ban cu cam\u0103t\u0103. Am v\u00e2ndut Skode&#8217;"},"content":{"rendered":"<p>Interlopul devenit cunoscut drept fin al lui Mircea B\u0103sescu, fratele fostului pre\u0219edinte al Rom\u00e2niei, a negat acuza\u021biile, afirm\u00e2nd c\u0103 nu a dat bani cu cam\u0103t\u0103, ci s-a ocupat doar cu v\u00e2nzarea de autoturisme la m\u00e2na a doua.\u00a0<\/p>\n<p>Procurorii Direc\u021biei de Investigare a Infrac\u021biunilor de Criminalitate Organizat\u0103 \u0219i Terorism \u2013 Serviciul Teritorial Craiova, \u00eempreun\u0103 cu poli\u021bi\u0219tii Brig\u0103zii de Combatere a Criminalit\u0103\u021bii Organizate Craiova au pus \u00een aplicare 11 de mandate de perchezi\u021bie domiciliar\u0103 pe raza jude\u021belor Olt, Teleorman \u0219i \u00een municipiul Bucure\u0219ti, \u00eentr-un dosar penal av\u00e2nd ca obiect s\u0103v\u00e2r\u0219irea infrac\u021biunilor \u00a0de constituirea unui grup infrac\u021bional organizat, cam\u0103t\u0103 \u0219i \u0219antaj.\u00a0<\/p>\n<p>Din probatoriul administrat \u00a0a rezultat c\u0103, \u00a0\u00een cursul anului 2022, cinci f\u0103ptuitori au ini\u021biat \u0219i constituit, pe criterii familiale, o grupare de criminalitate organizat\u0103, \u00a0\u00een scopul ob\u021binerii unor beneficii materiale substan\u021biale din acordarea de sume de bani cu \u00eemprumut, pentru \u00a0care \u00a0au pretins \u00a0dob\u00e2nzi \u00a0lunare, cuprinse \u00a0\u00eentre \u00a010 \u00a0\u0219i \u00a040 % \u00a0din \u00a0valoarea \u00a0\u00eemprumuturilor \u00a0acordate, \u00a0opera\u021biunile \u00a0derul\u00e2ndu-se \u00een afara cadrului legal ce reglementeaz\u0103 condi\u021biile \u00een care \u00ee\u0219i pot desf\u0103\u0219ura activitatea entit\u0103\u021bile financiare nebancare.<\/p>\n<p><a href=\"https:\/\/www.realitatea.net\/stiri\/actual\/perchezitii-la-mafia-camatarilor-familia-lui-bercea-mondialu-calcata-de-mascati_67eccb12e55f2d3d940a5d9b\" target=\"_blank\">Perchezi\u021bii la mafia c\u0103m\u0103tarilor: familia lui Bercea Mondialu, c\u0103lcat\u0103 de masca\u021bi<\/a><\/p>","protected":false},"excerpt":{"rendered":"<p>Interlopul devenit cunoscut drept fin al lui Mircea B\u0103sescu, fratele fostului pre\u0219edinte al Rom\u00e2niei, a&hellip;<\/p>\n","protected":false},"author":0,"featured_media":44653,"comment_status":"open","ping_status":"open","sticky":false,"template":"","format":"standard","meta":{"footnotes":""},"categories":[2],"tags":[],"class_list":["post-44652","post","type-post","status-publish","format-standard","has-post-thumbnail","hentry","category-actual"],"_links":{"self":[{"href":"https:\/\/247stiri.ro\/index.php\/wp-json\/wp\/v2\/posts\/44652","targetHints":{"allow":["GET"]}}],"collection":[{"href":"https:\/\/247stiri.ro\/index.php\/wp-json\/wp\/v2\/posts"}],"about":[{"href":"https:\/\/247stiri.ro\/index.php\/wp-json\/wp\/v2\/types\/post"}],"replies":[{"embeddable":true,"href":"https:\/\/247stiri.ro\/index.php\/wp-json\/wp\/v2\/comments?post=44652"}],"version-history":[{"count":0,"href":"https:\/\/247stiri.ro\/index.php\/wp-json\/wp\/v2\/posts\/44652\/revisions"}],"wp:featuredmedia":[{"embeddable":true,"href":"https:\/\/247stiri.ro\/index.php\/wp-json\/wp\/v2\/media\/44653"}],"wp:attachment":[{"href":"https:\/\/247stiri.ro\/index.php\/wp-json\/wp\/v2\/media?parent=44652"}],"wp:term":[{"taxonomy":"category","embeddable":true,"href":"https:\/\/247stiri.ro\/index.php\/wp-json\/wp\/v2\/categories?post=44652"},{"taxonomy":"post_tag","embeddable":true,"href":"https:\/\/247stiri.ro\/index.php\/wp-json\/wp\/v2\/tags?post=44652"}],"curies":[{"name":"wp","href":"https:\/\/api.w.org\/{rel}","templated":true}]}}